{"id":22315,"date":"2020-03-27T18:31:36","date_gmt":"2020-03-27T18:31:36","guid":{"rendered":"https:\/\/jorgezanoni.com.br\/2019\/?p=22315"},"modified":"2020-03-27T18:31:36","modified_gmt":"2020-03-27T18:31:36","slug":"reclamacao-a-populacao-lixo-e-entulho-incomoda-moradores-do-bairro-frei-moacir","status":"publish","type":"post","link":"https:\/\/jorgezanoni.com.br\/2019\/reclamacao-a-populacao-lixo-e-entulho-incomoda-moradores-do-bairro-frei-moacir\/","title":{"rendered":"Reclama\u00e7\u00e3o a Popula\u00e7\u00e3o: Lixo e entulho incomoda moradores do bairro Frei Moacir"},"content":{"rendered":"<p style=\"text-align: justify;\">Veja o que diz um morador: &#8220;Diagn\u00f3stico de uma sociedade que est\u00e1 doente, o que era para proteger agora \u00e9 lixo assim como pl\u00e1sticos, papel, alum\u00ednio e entulho de constru\u00e7\u00e3o, propiciando o desenvolvimento da Dengue, escorpi\u00f5es e muitas outras doen\u00e7as. Mas o que mais assusta \u00e9 que n\u00e3o temos rem\u00e9dio para falta de vergonha na cara e amor ao pr\u00f3ximo&#8221;!<\/p>\n<p style=\"text-align: justify;\">Enquanto n\u00e3o houver uma pol\u00edtica severa de puni\u00e7\u00e3o a essas pessoas que n\u00e3o est\u00e3o nem ai com o meio ambiente e se esquecem que eles podem ser as pr\u00f3prias v\u00edtimas das doen\u00e7as que est\u00e3o nos rondando todo dia, a situa\u00e7\u00e3o s\u00f3 tende a piorar.<\/p>\n<p style=\"text-align: justify;\">A administra\u00e7\u00e3o tem que colocar fiscais e autuar sem d\u00f3, s\u00f3 atrav\u00e9s do bolso \u00e9 que se resolve esses tipos de situa\u00e7\u00e3o.<\/p>\n<p><img loading=\"lazy\" decoding=\"async\" class=\"alignnone size-full wp-image-22316\" src=\"https:\/\/jorgezanoni.com.br\/2019\/wp-content\/uploads\/2020\/03\/bairro.jpg\" alt=\"\" width=\"960\" height=\"540\" srcset=\"https:\/\/jorgezanoni.com.br\/2019\/wp-content\/uploads\/2020\/03\/bairro.jpg 960w, https:\/\/jorgezanoni.com.br\/2019\/wp-content\/uploads\/2020\/03\/bairro-300x169.jpg 300w, https:\/\/jorgezanoni.com.br\/2019\/wp-content\/uploads\/2020\/03\/bairro-768x432.jpg 768w, https:\/\/jorgezanoni.com.br\/2019\/wp-content\/uploads\/2020\/03\/bairro-696x392.jpg 696w, https:\/\/jorgezanoni.com.br\/2019\/wp-content\/uploads\/2020\/03\/bairro-747x420.jpg 747w\" sizes=\"auto, (max-width: 960px) 100vw, 960px\" \/><\/p>\n<p style=\"text-align: justify;\">Jorge Zanoni<\/p>\n<p>Fotos de Internauta<\/p>\n","protected":false},"excerpt":{"rendered":"<p>Veja o que diz um morador: &#8220;Diagn\u00f3stico de uma sociedade que est\u00e1 doente, o que era para proteger agora \u00e9 lixo assim como pl\u00e1sticos, papel, alum\u00ednio e entulho de constru\u00e7\u00e3o, propiciando o desenvolvimento da Dengue, escorpi\u00f5es e muitas outras doen\u00e7as. Mas o que mais assusta \u00e9 que n\u00e3o temos rem\u00e9dio para falta de vergonha na [&hellip;]<\/p>\n","protected":false},"author":1,"featured_media":22317,"comment_status":"closed","ping_status":"open","sticky":false,"template":"","format":"standard","meta":{"footnotes":""},"categories":[179,184,110],"tags":[],"class_list":["post-22315","post","type-post","status-publish","format-standard","has-post-thumbnail","hentry","category-cidadeseregiao","category-dracena","category-noticiasdestaque"],"_links":{"self":[{"href":"https:\/\/jorgezanoni.com.br\/2019\/wp-json\/wp\/v2\/posts\/22315","targetHints":{"allow":["GET"]}}],"collection":[{"href":"https:\/\/jorgezanoni.com.br\/2019\/wp-json\/wp\/v2\/posts"}],"about":[{"href":"https:\/\/jorgezanoni.com.br\/2019\/wp-json\/wp\/v2\/types\/post"}],"author":[{"embeddable":true,"href":"https:\/\/jorgezanoni.com.br\/2019\/wp-json\/wp\/v2\/users\/1"}],"replies":[{"embeddable":true,"href":"https:\/\/jorgezanoni.com.br\/2019\/wp-json\/wp\/v2\/comments?post=22315"}],"version-history":[{"count":0,"href":"https:\/\/jorgezanoni.com.br\/2019\/wp-json\/wp\/v2\/posts\/22315\/revisions"}],"wp:featuredmedia":[{"embeddable":true,"href":"https:\/\/jorgezanoni.com.br\/2019\/wp-json\/wp\/v2\/media\/22317"}],"wp:attachment":[{"href":"https:\/\/jorgezanoni.com.br\/2019\/wp-json\/wp\/v2\/media?parent=22315"}],"wp:term":[{"taxonomy":"category","embeddable":true,"href":"https:\/\/jorgezanoni.com.br\/2019\/wp-json\/wp\/v2\/categories?post=22315"},{"taxonomy":"post_tag","embeddable":true,"href":"https:\/\/jorgezanoni.com.br\/2019\/wp-json\/wp\/v2\/tags?post=22315"}],"curies":[{"name":"wp","href":"https:\/\/api.w.org\/{rel}","templated":true}]}}