{"id":22311,"date":"2020-03-27T17:56:55","date_gmt":"2020-03-27T17:56:55","guid":{"rendered":"https:\/\/jorgezanoni.com.br\/2019\/?p=22311"},"modified":"2020-03-27T17:56:55","modified_gmt":"2020-03-27T17:56:55","slug":"youtuber-rezendeevil-divulgara-vestibular-de-medicina-da-unifadra-dracena","status":"publish","type":"post","link":"https:\/\/jorgezanoni.com.br\/2019\/youtuber-rezendeevil-divulgara-vestibular-de-medicina-da-unifadra-dracena\/","title":{"rendered":"Youtuber RezendeEvil divulgar\u00e1 vestibular de Medicina da Unifadra Dracena"},"content":{"rendered":"<p style=\"font-weight: 400; text-align: justify;\"><strong><em>Pedro Rezende \u00e9 um dos 10 maiores youtubers do Brasil, com 26 milh\u00f5es de\u00a0inscritos.<\/em><\/strong><\/p>\n<p><img loading=\"lazy\" decoding=\"async\" class=\"alignnone size-full wp-image-22313\" src=\"https:\/\/jorgezanoni.com.br\/2019\/wp-content\/uploads\/2020\/03\/yo1.jpg\" alt=\"\" width=\"732\" height=\"1156\" srcset=\"https:\/\/jorgezanoni.com.br\/2019\/wp-content\/uploads\/2020\/03\/yo1.jpg 732w, https:\/\/jorgezanoni.com.br\/2019\/wp-content\/uploads\/2020\/03\/yo1-190x300.jpg 190w, https:\/\/jorgezanoni.com.br\/2019\/wp-content\/uploads\/2020\/03\/yo1-648x1024.jpg 648w, https:\/\/jorgezanoni.com.br\/2019\/wp-content\/uploads\/2020\/03\/yo1-696x1099.jpg 696w, https:\/\/jorgezanoni.com.br\/2019\/wp-content\/uploads\/2020\/03\/yo1-266x420.jpg 266w\" sizes=\"auto, (max-width: 732px) 100vw, 732px\" \/><\/p>\n<p style=\"font-weight: 400; text-align: justify;\">O youtuber e influenciador digital Pedro Rezende, conhecido como\u00a0RezendeEvil, \u00e9 o mais novo parceiro da Unifadra\/Fundec de Dracena na\u00a0divulga\u00e7\u00e3o do Vestibular de Inverno de Medicina.<\/p>\n<p style=\"font-weight: 400; text-align: justify;\">O jovem de 23 anos \u00e9 de\u00a0Londrina\/PR e se destaca nacionalmente na web com conte\u00fados aut\u00eanticos,\u00a0que o fizeram conquistar mais de 26 milh\u00f5es de inscritos em seu canal<\/p>\n<p style=\"font-weight: 400; text-align: justify;\">(<a href=\"http:\/\/youtube.com\/rezendeevil\">youtube.com\/rezendeevil<\/a>) que possui quase 10 bilh\u00f5es de visualiza\u00e7\u00f5es.<\/p>\n<p style=\"font-weight: 400; text-align: justify;\">O canal \u00e9 o segundo mais curtido do Brasil, com 135 milh\u00f5es de curtidas.<\/p>\n<p style=\"font-weight: 400; text-align: justify;\">Seu p\u00fablico tamb\u00e9m cresce a cada dia no Instagram, que j\u00e1 acumula quase\u00a07 milh\u00f5es de seguidores no perfil @rezende.<\/p>\n<p style=\"font-weight: 400; text-align: justify;\">Rezende come\u00e7ou sua trajet\u00f3ria na web em 2012, fazendo v\u00eddeos sobre\u00a0jogos de Minecraft, e hoje faz conte\u00fados sobre sua vida, brincadeiras,\u00a0pegadinhas e competi\u00e7\u00f5es, totalizando mais de 8 mil v\u00eddeos postados.<\/p>\n<p style=\"font-weight: 400; text-align: justify;\">A forte parceria entre a Unifadra e Rezende levar\u00e1 para todo o Pa\u00eds o\u00a0nome de Dracena, apresentando nosso curso de Medicina.<\/p>\n<p style=\"font-weight: 400; text-align: justify;\">VESTIBULAR<\/p>\n<p style=\"font-weight: 400; text-align: justify;\">O Vestibular de Inverno de Medicina da Unifadra\/Fundec est\u00e1 com\u00a0inscri\u00e7\u00f5es abertas e sua prova ser\u00e1 no dia 28\/06, \u00e0s 13h, em Dracena. O\u00a0vestibular ser\u00e1 para reserva de vagas para 2021. Os candidatos dever\u00e3o<\/p>\n<p style=\"font-weight: 400; text-align: justify;\">se inscrever exclusivamente pelo site\u00a0<a href=\"http:\/\/www.vunesp.com.br\/\">www.vunesp.com.br<\/a>\u00a0at\u00e9 o dia 04\/06,\u00a0conforme edital. Para este processo seletivo, ser\u00e3o ofertadas 40 vagas.<\/p>\n<p style=\"font-weight: 400; text-align: justify;\">Os aprovados neste vestibular iniciar\u00e3o suas aulas em 2021.<strong>\u00a0<\/strong><\/p>\n<p style=\"font-weight: 400; text-align: justify;\"><em>\u00a0\u00a0\u00a0\u00a0\u00a0\u00a0\u00a0\u00a0\u00a0\u00a0 Fernando Nunes<\/em><\/p>\n<p style=\"font-weight: 400; text-align: justify;\">\u00a0\u00a0Diretor de Comunica\u00e7\u00e3o Fundec<\/p>\n","protected":false},"excerpt":{"rendered":"<p>Pedro Rezende \u00e9 um dos 10 maiores youtubers do Brasil, com 26 milh\u00f5es de\u00a0inscritos. O youtuber e influenciador digital Pedro Rezende, conhecido como\u00a0RezendeEvil, \u00e9 o mais novo parceiro da Unifadra\/Fundec de Dracena na\u00a0divulga\u00e7\u00e3o do Vestibular de Inverno de Medicina. O jovem de 23 anos \u00e9 de\u00a0Londrina\/PR e se destaca nacionalmente na web com conte\u00fados aut\u00eanticos,\u00a0que [&hellip;]<\/p>\n","protected":false},"author":1,"featured_media":22312,"comment_status":"closed","ping_status":"open","sticky":false,"template":"","format":"standard","meta":{"footnotes":""},"categories":[122],"tags":[],"class_list":["post-22311","post","type-post","status-publish","format-standard","has-post-thumbnail","hentry","category-saudeeducacaoeconcurso"],"_links":{"self":[{"href":"https:\/\/jorgezanoni.com.br\/2019\/wp-json\/wp\/v2\/posts\/22311","targetHints":{"allow":["GET"]}}],"collection":[{"href":"https:\/\/jorgezanoni.com.br\/2019\/wp-json\/wp\/v2\/posts"}],"about":[{"href":"https:\/\/jorgezanoni.com.br\/2019\/wp-json\/wp\/v2\/types\/post"}],"author":[{"embeddable":true,"href":"https:\/\/jorgezanoni.com.br\/2019\/wp-json\/wp\/v2\/users\/1"}],"replies":[{"embeddable":true,"href":"https:\/\/jorgezanoni.com.br\/2019\/wp-json\/wp\/v2\/comments?post=22311"}],"version-history":[{"count":0,"href":"https:\/\/jorgezanoni.com.br\/2019\/wp-json\/wp\/v2\/posts\/22311\/revisions"}],"wp:featuredmedia":[{"embeddable":true,"href":"https:\/\/jorgezanoni.com.br\/2019\/wp-json\/wp\/v2\/media\/22312"}],"wp:attachment":[{"href":"https:\/\/jorgezanoni.com.br\/2019\/wp-json\/wp\/v2\/media?parent=22311"}],"wp:term":[{"taxonomy":"category","embeddable":true,"href":"https:\/\/jorgezanoni.com.br\/2019\/wp-json\/wp\/v2\/categories?post=22311"},{"taxonomy":"post_tag","embeddable":true,"href":"https:\/\/jorgezanoni.com.br\/2019\/wp-json\/wp\/v2\/tags?post=22311"}],"curies":[{"name":"wp","href":"https:\/\/api.w.org\/{rel}","templated":true}]}}