{"id":22306,"date":"2020-03-27T17:42:50","date_gmt":"2020-03-27T17:42:50","guid":{"rendered":"https:\/\/jorgezanoni.com.br\/2019\/?p=22306"},"modified":"2020-04-01T02:44:57","modified_gmt":"2020-04-01T02:44:57","slug":"penitenciarias-de-andradina-e-tupi-paulista-feminina-confeccionam-mascaras-para-protecao-contra-coronavirus","status":"publish","type":"post","link":"https:\/\/jorgezanoni.com.br\/2019\/penitenciarias-de-andradina-e-tupi-paulista-feminina-confeccionam-mascaras-para-protecao-contra-coronavirus\/","title":{"rendered":"Penitenci\u00e1rias de Andradina e Tupi Paulista Feminina confeccionam m\u00e1scaras para prote\u00e7\u00e3o contra coronav\u00edrus"},"content":{"rendered":"<p style=\"text-align: justify;\"><strong>A produ\u00e7\u00e3o teve in\u00edcio nesta sexta-feira (27), e somar\u00e1 com as de outras unidades do Estado com fins de atingir 33 mil pe\u00e7as\/dia.<\/strong><\/p>\n<p><img loading=\"lazy\" decoding=\"async\" class=\"alignnone size-full wp-image-22309\" src=\"https:\/\/jorgezanoni.com.br\/2019\/wp-content\/uploads\/2020\/03\/peni1.jpg\" alt=\"\" width=\"1280\" height=\"853\" srcset=\"https:\/\/jorgezanoni.com.br\/2019\/wp-content\/uploads\/2020\/03\/peni1.jpg 1280w, https:\/\/jorgezanoni.com.br\/2019\/wp-content\/uploads\/2020\/03\/peni1-300x200.jpg 300w, https:\/\/jorgezanoni.com.br\/2019\/wp-content\/uploads\/2020\/03\/peni1-768x512.jpg 768w, https:\/\/jorgezanoni.com.br\/2019\/wp-content\/uploads\/2020\/03\/peni1-1024x682.jpg 1024w, https:\/\/jorgezanoni.com.br\/2019\/wp-content\/uploads\/2020\/03\/peni1-696x464.jpg 696w, https:\/\/jorgezanoni.com.br\/2019\/wp-content\/uploads\/2020\/03\/peni1-1068x712.jpg 1068w, https:\/\/jorgezanoni.com.br\/2019\/wp-content\/uploads\/2020\/03\/peni1-630x420.jpg 630w\" sizes=\"auto, (max-width: 1280px) 100vw, 1280px\" \/><\/p>\n<p style=\"text-align: justify;\">Desde quarta-feira, 25, reeducandos do sistema prisional do Estado de S\u00e3o Paulo auxiliam nas a\u00e7\u00f5es de preven\u00e7\u00e3o ao novo coronav\u00edrus, com produ\u00e7\u00e3o de m\u00e1scaras de prote\u00e7\u00e3o descart\u00e1veis. Na Penitenci\u00e1ria \u201cAn\u00edzio Aparecido de Oliveira\u201d de Andradina, a fabrica\u00e7\u00e3o teve in\u00edcio no dia de hoje, 27\/03, enquanto a Penitenci\u00e1ria Feminina de Tupi Paulista come\u00e7ar\u00e1 os trabalhos na pr\u00f3xima semana.As m\u00e1scaras ser\u00e3o vendidas a pre\u00e7o de custo.<\/p>\n<p style=\"text-align: justify;\">A previs\u00e3o \u00e9 que sejam produzidas, em todo o Estado, 33 mil pe\u00e7as por dia nas f\u00e1bricas adaptadas especialmente para isso. Cerca de 250 reeducandos de v\u00e1rias regi\u00f5es, de penitenci\u00e1rias masculinas e femininas, v\u00e3o confeccionar as m\u00e1scaras de prote\u00e7\u00e3o descart\u00e1veis para uso em procedimentos simples (n\u00e3o-cir\u00fargicos). Em Andradina, ser\u00e3o 33 sentenciados dedicados a este trabalho e na Feminina de Tupi Paulista, 40 reeducandas.<\/p>\n<p style=\"text-align: justify;\"><strong>HIGIENE<\/strong><strong>\u00a0<\/strong><\/p>\n<p style=\"text-align: justify;\">As f\u00e1bricas tiveram seu parque fabril adaptado para a confec\u00e7\u00e3o das m\u00e1scaras. As oficinas foram higienizadas e foi criado um protocolo de higiene pessoal e ambiental com base em padr\u00f5es hospitalares para garantir a higiene das pe\u00e7as, feitas em TNT duplo. \u201cDiariamente, antes de iniciar os trabalhos, os sentenciados s\u00e3o orientados sobre as medidas de higiene necess\u00e1rias e realizam a desinfec\u00e7\u00e3o do local, bem como, a higiene pessoal como, de maneira correta, lavar as m\u00e3os, utilizar \u00e1lcool em gel, etc.\u201d, frisou o diretor da Penitenci\u00e1ria de Andradina, Jair Silva da Costa.<\/p>\n<p style=\"text-align: justify;\">A diretora da unidade prisional Feminina de Tupi Paulista, Adriana Alkmin Pereira Domingues,\u00a0 acrescenta que todos os equipamentos de prote\u00e7\u00e3o individual utilizados pelas reeducandas ser\u00e3o descartados sempre que se retirarem da f\u00e1brica. \u201cJ\u00e1 adaptamos o local com tudo que fosse necess\u00e1rio para seguir os protocolos de higiene e trabalharemos em escala de produ\u00e7\u00e3o. Inclusive, j\u00e1 estamos recebendo diversas liga\u00e7\u00f5es de \u00f3rg\u00e3os interessados na aquisi\u00e7\u00e3o dos produtos\u201d, completa.<\/p>\n<p style=\"text-align: justify;\">A Funda\u00e7\u00e3o Prof. Dr. Manoel Pedro Pimentel (Funap), vinculada \u00e0 Secretaria da Administra\u00e7\u00e3o Penitenci\u00e1ria, come\u00e7ou na ter\u00e7a-feira, 24, a confec\u00e7\u00e3o em oficinas nas Penitenci\u00e1rias Masculina I e Femininas I e II de Trememb\u00e9. S\u00f3 nessas f\u00e1bricas, a produ\u00e7\u00e3o di\u00e1ria ser\u00e1 de 18 mil pe\u00e7as, com 121 m\u00e1quinas trabalhando.Nas pr\u00f3ximas semanas, ser\u00e3o instaladas f\u00e1bricas em pres\u00eddios de Ita\u00ed e Araraquara.<\/p>\n<p><strong>INTERESSADOS EM ADQUIRIR M\u00c1SCARAS, FAVOR ENTRAR NO CONTATO:<\/strong><\/p>\n<p>Cassiano (11) 3150-1038<br \/>\nPedidos pelos e-mails:<br \/>\ncassiano.machado@funap.sp.gov.br<\/p>\n<p>comercial@funap.sp.gov.br<\/p>\n<p><img loading=\"lazy\" decoding=\"async\" class=\"alignnone size-full wp-image-22307\" src=\"https:\/\/jorgezanoni.com.br\/2019\/wp-content\/uploads\/2020\/03\/secre.jpg\" alt=\"\" width=\"400\" height=\"127\" srcset=\"https:\/\/jorgezanoni.com.br\/2019\/wp-content\/uploads\/2020\/03\/secre.jpg 400w, https:\/\/jorgezanoni.com.br\/2019\/wp-content\/uploads\/2020\/03\/secre-300x95.jpg 300w\" sizes=\"auto, (max-width: 400px) 100vw, 400px\" \/><\/p>\n","protected":false},"excerpt":{"rendered":"<p>A produ\u00e7\u00e3o teve in\u00edcio nesta sexta-feira (27), e somar\u00e1 com as de outras unidades do Estado com fins de atingir 33 mil pe\u00e7as\/dia. Desde quarta-feira, 25, reeducandos do sistema prisional do Estado de S\u00e3o Paulo auxiliam nas a\u00e7\u00f5es de preven\u00e7\u00e3o ao novo coronav\u00edrus, com produ\u00e7\u00e3o de m\u00e1scaras de prote\u00e7\u00e3o descart\u00e1veis. Na Penitenci\u00e1ria \u201cAn\u00edzio Aparecido de [&hellip;]<\/p>\n","protected":false},"author":1,"featured_media":22308,"comment_status":"closed","ping_status":"open","sticky":false,"template":"","format":"standard","meta":{"footnotes":""},"categories":[110,2],"tags":[],"class_list":["post-22306","post","type-post","status-publish","format-standard","has-post-thumbnail","hentry","category-noticiasdestaque","category-policial"],"_links":{"self":[{"href":"https:\/\/jorgezanoni.com.br\/2019\/wp-json\/wp\/v2\/posts\/22306","targetHints":{"allow":["GET"]}}],"collection":[{"href":"https:\/\/jorgezanoni.com.br\/2019\/wp-json\/wp\/v2\/posts"}],"about":[{"href":"https:\/\/jorgezanoni.com.br\/2019\/wp-json\/wp\/v2\/types\/post"}],"author":[{"embeddable":true,"href":"https:\/\/jorgezanoni.com.br\/2019\/wp-json\/wp\/v2\/users\/1"}],"replies":[{"embeddable":true,"href":"https:\/\/jorgezanoni.com.br\/2019\/wp-json\/wp\/v2\/comments?post=22306"}],"version-history":[{"count":0,"href":"https:\/\/jorgezanoni.com.br\/2019\/wp-json\/wp\/v2\/posts\/22306\/revisions"}],"wp:featuredmedia":[{"embeddable":true,"href":"https:\/\/jorgezanoni.com.br\/2019\/wp-json\/wp\/v2\/media\/22308"}],"wp:attachment":[{"href":"https:\/\/jorgezanoni.com.br\/2019\/wp-json\/wp\/v2\/media?parent=22306"}],"wp:term":[{"taxonomy":"category","embeddable":true,"href":"https:\/\/jorgezanoni.com.br\/2019\/wp-json\/wp\/v2\/categories?post=22306"},{"taxonomy":"post_tag","embeddable":true,"href":"https:\/\/jorgezanoni.com.br\/2019\/wp-json\/wp\/v2\/tags?post=22306"}],"curies":[{"name":"wp","href":"https:\/\/api.w.org\/{rel}","templated":true}]}}