{"id":22303,"date":"2020-03-27T16:38:42","date_gmt":"2020-03-27T16:38:42","guid":{"rendered":"https:\/\/jorgezanoni.com.br\/2019\/?p=22303"},"modified":"2020-03-27T16:38:42","modified_gmt":"2020-03-27T16:38:42","slug":"oi-sou-uma-proteina-me-ajude-a-entrar","status":"publish","type":"post","link":"https:\/\/jorgezanoni.com.br\/2019\/oi-sou-uma-proteina-me-ajude-a-entrar\/","title":{"rendered":"Oi, sou uma prote\u00edna, me ajude a entrar"},"content":{"rendered":"<p style=\"text-align: justify;\"><strong>OI, SOU UMA PROTE\u00cdNA, ME AJUDE A ENTRAR<\/strong><\/p>\n<p style=\"text-align: justify;\"><strong>*CLAUDIVAL CLEMENTE.<\/strong><\/p>\n<p style=\"text-align: justify;\"><strong>**CLAUDIVAL MOURA CLEMENTE<\/strong><\/p>\n<p style=\"text-align: justify;\">Os cientistas que estudam os v\u00edrus, tem verdadeiro fasc\u00ednio pela forma de entrada e desenvolvem no organismo do ser humano. Porque s\u00e3o estudiosos e todo estudioso tem a chamada curiosidade profissional e tamb\u00e9m porque precisam ter estas informa\u00e7\u00f5es para criar mecanismos de combate das doen\u00e7as provocadas pelos v\u00edrus.<\/p>\n<p style=\"text-align: justify;\">No caso do Covid-19, descobriram que o v\u00edrus invade o organismo se passando por uma prote\u00edna, a prote\u00edna \u201cS\u201d e os defensores do corpo n\u00e3o veem nesta \u201cprote\u00edna\u201d nenhum inimigo potencial e considerando a necessidade que o corpo humano tem de prote\u00edna, ajudam o v\u00edrus a usar a prote\u00edna, chamada de \u201cS\u201d, pois tem o formato de uma agulha. Camuflado o v\u00edrus faz uma replica\u00e7\u00e3o e uma simples c\u00e9lula camuflada se reproduz em at\u00e9 100. Estes v\u00edrus, ainda camuflados se dirigem aos pulm\u00f5es, provocando uma s\u00e9rie de complica\u00e7\u00f5es, especialmente se a pessoa \u00e9 idosa, tem imunidade baixa ou se \u00e9 portadora de doen\u00e7as cr\u00f4nicas.<\/p>\n<p style=\"text-align: justify;\">O complicador do Covid-19 \u00e9 que os sintomas da doen\u00e7a demoram at\u00e9 14 dias para se manifestar no ser humano e, neste intervalo, j\u00e1 provocou a contamina\u00e7\u00e3o de todas as pessoas com quem teve contato, pois o v\u00edrus \u201cviaja\u201d pela saliva. Quando est\u00e1 falando o ser humano expele pequenas got\u00edculas, que se atingem a boca, o nariz ou os olhos de outra pessoa, provoca o cont\u00e1gio, sem que nenhuma das pessoas tenha percebido nada. Normalmente uma pessoa provoca o cont\u00e1gio de outras 10 pessoas e assim sucessivamente.<\/p>\n<p style=\"text-align: justify;\">Justamente nesta dire\u00e7\u00e3o v\u00e1rios prefeitos decidiram pelo fechamento do com\u00e9rcio, mantendo apenas os servi\u00e7os considerados essenciais para a sociedade, para diminuir a quantidade de pessoas circulando pelas ruas ou se aglomerando em alguns locais. A maior parte das empresas decidiu enviar os empregados para o chamado \u201chome office\u201d (trabalho em casa), porque nos pr\u00f3ximos 15 dias as transmiss\u00f5es atingir\u00e3o o ponto m\u00e1ximo, considerando o aumento das doen\u00e7as respirat\u00f3rias,em raz\u00e3o da mudan\u00e7a da esta\u00e7\u00e3o do ano, pois o outono normalmente \u00e9 um pouco mais frio.<\/p>\n<p style=\"text-align: justify;\">A inten\u00e7\u00e3o dos administradores municipais e tamb\u00e9m do governador do Estado \u00e9 diminuir a quantidade de pessoas circulando e se acumulando em alguns lugares, incluindo os transportes p\u00fablicos que na Capital e cidade maiores normalmente trafegam com lota\u00e7\u00e3o m\u00e1xima.<\/p>\n<p style=\"text-align: justify;\">Analisando a pandemia em outros pa\u00edses se verifica que este \u00e9 o momento ideal para se fechar o com\u00e9rcio, escolas, reparti\u00e7\u00f5es p\u00fablicas e tamb\u00e9m os templos religiosos, pois faz parte da preven\u00e7\u00e3o das doen\u00e7as evitar a dissemina\u00e7\u00e3o dos v\u00edrus.<\/p>\n<p style=\"text-align: justify;\">Lamentavelmente o Presidente da Rep\u00fablica que deveria liderar os administradores p\u00fablicos no combate ao covid19, desde o in\u00edcio das informa\u00e7\u00f5es a respeito da contamina\u00e7\u00e3o se transformar em pandemia, como realmente ocorreu, mostrou-se c\u00e9tico, minimizando n\u00e3o somente o alcance do v\u00edrus, mas tamb\u00e9m tecendo severas cr\u00edticas aos governadores e prefeitos que tomaram a dianteira nas provid\u00eancias.<\/p>\n<p style=\"text-align: justify;\">Para complicar mais ainda a situa\u00e7\u00e3o, em cadeia nacional de r\u00e1dio e televis\u00e3o, ignorando todas as orienta\u00e7\u00f5es m\u00e9dicas, inclusive da Organiza\u00e7\u00e3o Mundial da Sa\u00fade, tratando o v\u00edrus Covid19 como uma \u201cgripezinha\u201d, condenando todas as medidas at\u00e9 aqui adotadas para combater o espalhamento da doen\u00e7a, enfatizando que o isolamento dos idosos e portadores de doen\u00e7as cr\u00f4nicas seria suficiente para conter o avan\u00e7o da doen\u00e7a.<\/p>\n<p style=\"text-align: justify;\">A doen\u00e7a provocada pelo covid19 \u00e9 uma doen\u00e7a respirat\u00f3ria grave, que pode atingir todas as pessoas, de qualquer faixa et\u00e1ria e se estas pessoas sa\u00edrem do isolamento podem levar o v\u00edrus para as outras pessoas, perdendo totalmente o sentido do isolamento. Evidentemente que a economia do pa\u00eds ser\u00e1 afetada, assim como foi em outros pa\u00edses que foram atingidos pelo v\u00edrus; mas as vidas humanas sempre ser\u00e3o mais importantes que a economia e a arrecada\u00e7\u00e3o dos tributos, como parece ser a preocupa\u00e7\u00e3o do chefe do executivo federal.<\/p>\n<p style=\"text-align: justify;\">O importante neste momento de crise mundial \u00e9 seguir \u00e0 risca as orienta\u00e7\u00f5es dos m\u00e9dicos e enfermeiras, pois o Covid19 se mostra um v\u00edrus altamente letal. Em caso de extrema necessidade de sa\u00edda da pessoa da resid\u00eancia, deve-se usar m\u00e1scaras, muito embora a OMS oriente que o uso de m\u00e1scaras deve se restringir \u00e0s pessoas com diagn\u00f3stico confirmado. Contudo, a utiliza\u00e7\u00e3o das m\u00e1scaras impede a eventual contamina\u00e7\u00e3o. Antes de se retirar a m\u00e1scara tem que higienizar as m\u00e3os com \u00e1lcool gel, retirar a m\u00e1scara, descarta-la em lixo envolta em uma sacola pl\u00e1stica e, na sequ\u00eancia, aplicar novamente \u00e1lcool gel nas m\u00e3os.<\/p>\n<p style=\"text-align: justify;\">O \u00e1lcool gel ou \u00e1gua e sab\u00e3o tem a finalidade de \u201cquebrar\u201d a mol\u00e9cula do v\u00edrus, ou seja, o v\u00edrus tem uma \u201ccapa\u201d e sem esta capa ele se torna fragilizado e destru\u00eddo, impossibilitado de entrar em outro organismo, simulado de prote\u00edna e dizer aos soldados do corpo: \u201cme deixem entrar&#8230;.\u201d<\/p>\n<p style=\"text-align: justify;\">Do ponto de vista sanit\u00e1rio lavar as m\u00e3os com \u00e1gua e sab\u00e3o, cobrir a boca durante tosses ou espirros, utilizando um len\u00e7o descart\u00e1vel ou mesmo o bra\u00e7o deveriam ser comportamentos absolutamente normais, que ao longo do tempo foram perdendo a utiliza\u00e7\u00e3o por grande parte da popula\u00e7\u00e3o; assim como o h\u00e1bito de higienizar as m\u00e3os com \u00e1lcool gel na falta de \u00e1gua e sab\u00e3o.<\/p>\n<p style=\"text-align: justify;\">N\u00e3o se deve propagar o p\u00e2nico, mas este v\u00edrus, que devido aos descuidos do pa\u00eds onde se originou acabou se transformando em uma pandemia &#8211; uma epidemia de doen\u00e7a infecciosa que se espalha entre a popula\u00e7\u00e3o localizada numa grande regi\u00e3o geogr\u00e1fica como, por exemplo, um continente, ou mesmo o Planeta Terra \u2013 tem que ser combatido de todas as formas e a participa\u00e7\u00e3o da popula\u00e7\u00e3o \u00e9 fundamental, principalmente aderindo ao isolamento social.<\/p>\n<p style=\"text-align: justify;\">Envie d\u00favidas, coment\u00e1rios ou sugest\u00f5es para <a href=\"mailto:bcrcconsultoria@gmail.com\">bcrcconsultoria@gmail.com<\/a>. At\u00e9 a pr\u00f3xima.<\/p>\n<p style=\"text-align: justify;\">*Formado em Direito pela Universidade Estadual de Direito do Norte Pioneiro em Jacarezinho e em Administra\u00e7\u00e3o de Empresas pela Faculdades Integradas de Ourinhos. MBA em Comunica\u00e7\u00e3o Corporativa pela Universidade Est\u00e1cio de S\u00e1. S\u00f3cio s\u00eanior da BCRC Consultoria.<\/p>\n<p style=\"text-align: justify;\">** Revis\u00e3o e colabora\u00e7\u00e3o\u00a0 &#8211; Acad\u00eamico de Administra\u00e7\u00e3o de Empresas na UNICID.<\/p>\n","protected":false},"excerpt":{"rendered":"<p>OI, SOU UMA PROTE\u00cdNA, ME AJUDE A ENTRAR *CLAUDIVAL CLEMENTE. **CLAUDIVAL MOURA CLEMENTE Os cientistas que estudam os v\u00edrus, tem verdadeiro fasc\u00ednio pela forma de entrada e desenvolvem no organismo do ser humano. Porque s\u00e3o estudiosos e todo estudioso tem a chamada curiosidade profissional e tamb\u00e9m porque precisam ter estas informa\u00e7\u00f5es para criar mecanismos de [&hellip;]<\/p>\n","protected":false},"author":1,"featured_media":22304,"comment_status":"closed","ping_status":"open","sticky":false,"template":"","format":"standard","meta":{"footnotes":""},"categories":[175],"tags":[],"class_list":["post-22303","post","type-post","status-publish","format-standard","has-post-thumbnail","hentry","category-artigos"],"_links":{"self":[{"href":"https:\/\/jorgezanoni.com.br\/2019\/wp-json\/wp\/v2\/posts\/22303","targetHints":{"allow":["GET"]}}],"collection":[{"href":"https:\/\/jorgezanoni.com.br\/2019\/wp-json\/wp\/v2\/posts"}],"about":[{"href":"https:\/\/jorgezanoni.com.br\/2019\/wp-json\/wp\/v2\/types\/post"}],"author":[{"embeddable":true,"href":"https:\/\/jorgezanoni.com.br\/2019\/wp-json\/wp\/v2\/users\/1"}],"replies":[{"embeddable":true,"href":"https:\/\/jorgezanoni.com.br\/2019\/wp-json\/wp\/v2\/comments?post=22303"}],"version-history":[{"count":0,"href":"https:\/\/jorgezanoni.com.br\/2019\/wp-json\/wp\/v2\/posts\/22303\/revisions"}],"wp:featuredmedia":[{"embeddable":true,"href":"https:\/\/jorgezanoni.com.br\/2019\/wp-json\/wp\/v2\/media\/22304"}],"wp:attachment":[{"href":"https:\/\/jorgezanoni.com.br\/2019\/wp-json\/wp\/v2\/media?parent=22303"}],"wp:term":[{"taxonomy":"category","embeddable":true,"href":"https:\/\/jorgezanoni.com.br\/2019\/wp-json\/wp\/v2\/categories?post=22303"},{"taxonomy":"post_tag","embeddable":true,"href":"https:\/\/jorgezanoni.com.br\/2019\/wp-json\/wp\/v2\/tags?post=22303"}],"curies":[{"name":"wp","href":"https:\/\/api.w.org\/{rel}","templated":true}]}}