{"id":22283,"date":"2020-03-27T14:55:26","date_gmt":"2020-03-27T14:55:26","guid":{"rendered":"https:\/\/jorgezanoni.com.br\/2019\/?p=22283"},"modified":"2020-03-27T14:55:26","modified_gmt":"2020-03-27T14:55:26","slug":"morador-de-dracena-e-a-vitima-fatal-do-acidente-envolvendo-carro-e-caminhao-na-manha-desta-sexta-feira-em-junqueiropolis","status":"publish","type":"post","link":"https:\/\/jorgezanoni.com.br\/2019\/morador-de-dracena-e-a-vitima-fatal-do-acidente-envolvendo-carro-e-caminhao-na-manha-desta-sexta-feira-em-junqueiropolis\/","title":{"rendered":"Morador de Dracena \u00e9 a v\u00edtima fatal do acidente envolvendo carro e caminh\u00e3o na manh\u00e3 desta sexta-feira em Junqueir\u00f3polis"},"content":{"rendered":"<p style=\"text-align: justify;\">Andr\u00e9 Kumoi, morador da rua Edison da Silveira Campos em Dracena, \u00e9 a vitima fatal do acidente registrado por volta das 6h50 na SP-294 em Junqueir\u00f3polis.<\/p>\n<p><img loading=\"lazy\" decoding=\"async\" class=\"alignnone size-full wp-image-22284\" src=\"https:\/\/jorgezanoni.com.br\/2019\/wp-content\/uploads\/2020\/03\/Andre-Kumoi-2.jpg\" alt=\"\" width=\"369\" height=\"535\" srcset=\"https:\/\/jorgezanoni.com.br\/2019\/wp-content\/uploads\/2020\/03\/Andre-Kumoi-2.jpg 369w, https:\/\/jorgezanoni.com.br\/2019\/wp-content\/uploads\/2020\/03\/Andre-Kumoi-2-207x300.jpg 207w, https:\/\/jorgezanoni.com.br\/2019\/wp-content\/uploads\/2020\/03\/Andre-Kumoi-2-290x420.jpg 290w\" sizes=\"auto, (max-width: 369px) 100vw, 369px\" \/><\/p>\n<p style=\"text-align: justify;\">A colis\u00e3o frontal entre um ve\u00edculo GM Cruze de Presidente Prudente e um caminh\u00e3o\u00a0 Mercedes Benz \/ L-1620 com placas de Dracena, matou o jovem de 28 anos de idade na manh\u00e3 desta sexta-feira (27) em Junqueir\u00f3polis, na rodovia Comandante Jo\u00e3o Ribeiro de Barros, SP-294.<\/p>\n<p style=\"text-align: justify;\">Ele era advogado e funcion\u00e1rio do Tribunal de Justi\u00e7a em Presidente Prudente e estava se dirigindo ao trabalho, segundo informa\u00e7\u00f5es de familiares.<\/p>\n<p>Jorge Zanoni<\/p>\n","protected":false},"excerpt":{"rendered":"<p>Andr\u00e9 Kumoi, morador da rua Edison da Silveira Campos em Dracena, \u00e9 a vitima fatal do acidente registrado por volta das 6h50 na SP-294 em Junqueir\u00f3polis. A colis\u00e3o frontal entre um ve\u00edculo GM Cruze de Presidente Prudente e um caminh\u00e3o\u00a0 Mercedes Benz \/ L-1620 com placas de Dracena, matou o jovem de 28 anos de [&hellip;]<\/p>\n","protected":false},"author":1,"featured_media":22285,"comment_status":"closed","ping_status":"open","sticky":false,"template":"","format":"standard","meta":{"footnotes":""},"categories":[170,110],"tags":[],"class_list":["post-22283","post","type-post","status-publish","format-standard","has-post-thumbnail","hentry","category-acidentes","category-noticiasdestaque"],"_links":{"self":[{"href":"https:\/\/jorgezanoni.com.br\/2019\/wp-json\/wp\/v2\/posts\/22283","targetHints":{"allow":["GET"]}}],"collection":[{"href":"https:\/\/jorgezanoni.com.br\/2019\/wp-json\/wp\/v2\/posts"}],"about":[{"href":"https:\/\/jorgezanoni.com.br\/2019\/wp-json\/wp\/v2\/types\/post"}],"author":[{"embeddable":true,"href":"https:\/\/jorgezanoni.com.br\/2019\/wp-json\/wp\/v2\/users\/1"}],"replies":[{"embeddable":true,"href":"https:\/\/jorgezanoni.com.br\/2019\/wp-json\/wp\/v2\/comments?post=22283"}],"version-history":[{"count":0,"href":"https:\/\/jorgezanoni.com.br\/2019\/wp-json\/wp\/v2\/posts\/22283\/revisions"}],"wp:featuredmedia":[{"embeddable":true,"href":"https:\/\/jorgezanoni.com.br\/2019\/wp-json\/wp\/v2\/media\/22285"}],"wp:attachment":[{"href":"https:\/\/jorgezanoni.com.br\/2019\/wp-json\/wp\/v2\/media?parent=22283"}],"wp:term":[{"taxonomy":"category","embeddable":true,"href":"https:\/\/jorgezanoni.com.br\/2019\/wp-json\/wp\/v2\/categories?post=22283"},{"taxonomy":"post_tag","embeddable":true,"href":"https:\/\/jorgezanoni.com.br\/2019\/wp-json\/wp\/v2\/tags?post=22283"}],"curies":[{"name":"wp","href":"https:\/\/api.w.org\/{rel}","templated":true}]}}