{"id":22269,"date":"2020-03-27T14:16:48","date_gmt":"2020-03-27T14:16:48","guid":{"rendered":"https:\/\/jorgezanoni.com.br\/2019\/?p=22269"},"modified":"2020-03-27T14:17:19","modified_gmt":"2020-03-27T14:17:19","slug":"colisao-frontal-entre-carro-e-caminhao-mata-homem-de-28-anos-em-junqueiropolis","status":"publish","type":"post","link":"https:\/\/jorgezanoni.com.br\/2019\/colisao-frontal-entre-carro-e-caminhao-mata-homem-de-28-anos-em-junqueiropolis\/","title":{"rendered":"Colis\u00e3o frontal entre carro e caminh\u00e3o mata homem de 28 anos em Junqueir\u00f3polis"},"content":{"rendered":"<h2 class=\"content-head__subtitle\" style=\"text-align: justify;\"><strong>Ocorr\u00eancia foi por volta das 6h50 desta sexta-feira (27), na Rodovia Comandante Jo\u00e3o Ribeiro de Barros (SP-294)<\/strong>.<\/h2>\n<div class=\"mc-column content-text active-extra-styles \" style=\"text-align: justify;\" data-block-type=\"unstyled\" data-block-weight=\"35\" data-block-id=\"2\">\n<p class=\"content-text__container \" data-track-category=\"Link no Texto\" data-track-links=\"\">A Pol\u00edcia Militar Rodovi\u00e1ria atendeu, na manh\u00e3 desta sexta-feira (27), a um acidente de tr\u00e2nsito com v\u00edtima fatal. A ocorr\u00eancia foi por volta das 6h50 na Rodovia Comandante Jo\u00e3o Ribeiro de Barros (SP-294), em <a href=\"http:\/\/g1.globo.com\/sp\/presidente-prudente-regiao\/cidade\/junqueiropolis.html\">Junqueir\u00f3polis<\/a>.<\/p>\n<\/div>\n<div class=\"wall protected-content\">\n<div class=\"mc-column content-text active-extra-styles \" style=\"text-align: justify;\" data-block-type=\"unstyled\" data-block-weight=\"30\" data-block-id=\"3\">\n<p class=\"content-text__container \" data-track-category=\"Link no Texto\" data-track-links=\"\">Conforme as primeiras informa\u00e7\u00f5es da corpora\u00e7\u00e3o, trata-se de uma colis\u00e3o frontal entre um carro, com placas de Presidente Prudente e um caminh\u00e3o, com identifica\u00e7\u00f5es de Dracena, no km 634, 900.<\/p>\n<\/div>\n<div class=\"mc-column content-text active-extra-styles \" data-block-type=\"unstyled\" data-block-weight=\"18\" data-block-id=\"4\">\n<p class=\"content-text__container \" style=\"text-align: justify;\" data-track-category=\"Link no Texto\" data-track-links=\"\">A batida resultou na morte do condutor do autom\u00f3vel, um homem de 28 anos, natural de Presidente Prudente.<\/p>\n<p data-track-category=\"Link no Texto\" data-track-links=\"\"><img loading=\"lazy\" decoding=\"async\" class=\"alignnone size-full wp-image-22270\" src=\"https:\/\/jorgezanoni.com.br\/2019\/wp-content\/uploads\/2020\/03\/fatal1.jpeg\" alt=\"\" width=\"640\" height=\"360\" srcset=\"https:\/\/jorgezanoni.com.br\/2019\/wp-content\/uploads\/2020\/03\/fatal1.jpeg 640w, https:\/\/jorgezanoni.com.br\/2019\/wp-content\/uploads\/2020\/03\/fatal1-300x169.jpeg 300w\" sizes=\"auto, (max-width: 640px) 100vw, 640px\" \/>Colis\u00e3o frontal resultou na morte do condutor do carro \u2014 Foto: Pol\u00edcia Rodovi\u00e1ria<\/p>\n<p data-track-category=\"Link no Texto\" data-track-links=\"\"><img loading=\"lazy\" decoding=\"async\" class=\"alignnone size-full wp-image-22271\" src=\"https:\/\/jorgezanoni.com.br\/2019\/wp-content\/uploads\/2020\/03\/fatal2.jpeg\" alt=\"\" width=\"640\" height=\"480\" srcset=\"https:\/\/jorgezanoni.com.br\/2019\/wp-content\/uploads\/2020\/03\/fatal2.jpeg 640w, https:\/\/jorgezanoni.com.br\/2019\/wp-content\/uploads\/2020\/03\/fatal2-300x225.jpeg 300w, https:\/\/jorgezanoni.com.br\/2019\/wp-content\/uploads\/2020\/03\/fatal2-80x60.jpeg 80w, https:\/\/jorgezanoni.com.br\/2019\/wp-content\/uploads\/2020\/03\/fatal2-265x198.jpeg 265w, https:\/\/jorgezanoni.com.br\/2019\/wp-content\/uploads\/2020\/03\/fatal2-560x420.jpeg 560w\" sizes=\"auto, (max-width: 640px) 100vw, 640px\" \/>Colis\u00e3o frontal resultou na morte do condutor do carro \u2014 Foto: Carlos Volpi\/TV Fronteira<\/p>\n<p data-track-category=\"Link no Texto\" data-track-links=\"\"><img loading=\"lazy\" decoding=\"async\" class=\"alignnone size-full wp-image-22272\" src=\"https:\/\/jorgezanoni.com.br\/2019\/wp-content\/uploads\/2020\/03\/fatal3.jpeg\" alt=\"\" width=\"640\" height=\"480\" srcset=\"https:\/\/jorgezanoni.com.br\/2019\/wp-content\/uploads\/2020\/03\/fatal3.jpeg 640w, https:\/\/jorgezanoni.com.br\/2019\/wp-content\/uploads\/2020\/03\/fatal3-300x225.jpeg 300w, https:\/\/jorgezanoni.com.br\/2019\/wp-content\/uploads\/2020\/03\/fatal3-80x60.jpeg 80w, https:\/\/jorgezanoni.com.br\/2019\/wp-content\/uploads\/2020\/03\/fatal3-265x198.jpeg 265w, https:\/\/jorgezanoni.com.br\/2019\/wp-content\/uploads\/2020\/03\/fatal3-560x420.jpeg 560w\" sizes=\"auto, (max-width: 640px) 100vw, 640px\" \/>Colis\u00e3o frontal resultou na morte do condutor do carro \u2014 Foto: Carlos Volpi\/TV Fronteira<\/p>\n<p data-track-category=\"Link no Texto\" data-track-links=\"\"><img loading=\"lazy\" decoding=\"async\" class=\"alignnone size-full wp-image-22273\" src=\"https:\/\/jorgezanoni.com.br\/2019\/wp-content\/uploads\/2020\/03\/fatal4.jpeg\" alt=\"\" width=\"640\" height=\"480\" srcset=\"https:\/\/jorgezanoni.com.br\/2019\/wp-content\/uploads\/2020\/03\/fatal4.jpeg 640w, https:\/\/jorgezanoni.com.br\/2019\/wp-content\/uploads\/2020\/03\/fatal4-300x225.jpeg 300w, https:\/\/jorgezanoni.com.br\/2019\/wp-content\/uploads\/2020\/03\/fatal4-80x60.jpeg 80w, https:\/\/jorgezanoni.com.br\/2019\/wp-content\/uploads\/2020\/03\/fatal4-265x198.jpeg 265w, https:\/\/jorgezanoni.com.br\/2019\/wp-content\/uploads\/2020\/03\/fatal4-560x420.jpeg 560w\" sizes=\"auto, (max-width: 640px) 100vw, 640px\" \/>Colis\u00e3o frontal resultou na morte do condutor do carro \u2014 Foto: Carlos Volpi\/TV Fronteira<\/p>\n<p data-track-category=\"Link no Texto\" data-track-links=\"\"><img loading=\"lazy\" decoding=\"async\" class=\"alignnone size-full wp-image-22274\" src=\"https:\/\/jorgezanoni.com.br\/2019\/wp-content\/uploads\/2020\/03\/fatal.jpeg\" alt=\"\" width=\"640\" height=\"360\" srcset=\"https:\/\/jorgezanoni.com.br\/2019\/wp-content\/uploads\/2020\/03\/fatal.jpeg 640w, https:\/\/jorgezanoni.com.br\/2019\/wp-content\/uploads\/2020\/03\/fatal-300x169.jpeg 300w\" sizes=\"auto, (max-width: 640px) 100vw, 640px\" \/>Colis\u00e3o frontal resultou na morte do condutor do carro \u2014 Foto: Pol\u00edcia Rodovi\u00e1ria<\/p>\n<p data-track-category=\"Link no Texto\" data-track-links=\"\"><img loading=\"lazy\" decoding=\"async\" class=\"alignnone size-full wp-image-22275\" src=\"https:\/\/jorgezanoni.com.br\/2019\/wp-content\/uploads\/2020\/03\/fatal6.jpeg\" alt=\"\" width=\"640\" height=\"480\" srcset=\"https:\/\/jorgezanoni.com.br\/2019\/wp-content\/uploads\/2020\/03\/fatal6.jpeg 640w, https:\/\/jorgezanoni.com.br\/2019\/wp-content\/uploads\/2020\/03\/fatal6-300x225.jpeg 300w, https:\/\/jorgezanoni.com.br\/2019\/wp-content\/uploads\/2020\/03\/fatal6-80x60.jpeg 80w, https:\/\/jorgezanoni.com.br\/2019\/wp-content\/uploads\/2020\/03\/fatal6-265x198.jpeg 265w, https:\/\/jorgezanoni.com.br\/2019\/wp-content\/uploads\/2020\/03\/fatal6-560x420.jpeg 560w\" sizes=\"auto, (max-width: 640px) 100vw, 640px\" \/>Colis\u00e3o frontal resultou na morte do condutor do carro \u2014 Foto: Carlos Volpi\/TV Fronteira<\/p>\n<p data-track-category=\"Link no Texto\" data-track-links=\"\">Fonte: G1<\/p>\n<\/div>\n<div class=\"mc-column content-text active-extra-styles \" data-block-type=\"unstyled\" data-block-weight=\"5\" data-block-id=\"5\">\n<p class=\"content-text__container \" data-track-category=\"Link no Texto\" data-track-links=\"\">\n<\/div>\n<\/div>\n","protected":false},"excerpt":{"rendered":"<p>Ocorr\u00eancia foi por volta das 6h50 desta sexta-feira (27), na Rodovia Comandante Jo\u00e3o Ribeiro de Barros (SP-294). A Pol\u00edcia Militar Rodovi\u00e1ria atendeu, na manh\u00e3 desta sexta-feira (27), a um acidente de tr\u00e2nsito com v\u00edtima fatal. A ocorr\u00eancia foi por volta das 6h50 na Rodovia Comandante Jo\u00e3o Ribeiro de Barros (SP-294), em Junqueir\u00f3polis. Conforme as primeiras [&hellip;]<\/p>\n","protected":false},"author":1,"featured_media":22276,"comment_status":"closed","ping_status":"open","sticky":false,"template":"","format":"standard","meta":{"footnotes":""},"categories":[170,110],"tags":[],"class_list":["post-22269","post","type-post","status-publish","format-standard","has-post-thumbnail","hentry","category-acidentes","category-noticiasdestaque"],"_links":{"self":[{"href":"https:\/\/jorgezanoni.com.br\/2019\/wp-json\/wp\/v2\/posts\/22269","targetHints":{"allow":["GET"]}}],"collection":[{"href":"https:\/\/jorgezanoni.com.br\/2019\/wp-json\/wp\/v2\/posts"}],"about":[{"href":"https:\/\/jorgezanoni.com.br\/2019\/wp-json\/wp\/v2\/types\/post"}],"author":[{"embeddable":true,"href":"https:\/\/jorgezanoni.com.br\/2019\/wp-json\/wp\/v2\/users\/1"}],"replies":[{"embeddable":true,"href":"https:\/\/jorgezanoni.com.br\/2019\/wp-json\/wp\/v2\/comments?post=22269"}],"version-history":[{"count":0,"href":"https:\/\/jorgezanoni.com.br\/2019\/wp-json\/wp\/v2\/posts\/22269\/revisions"}],"wp:featuredmedia":[{"embeddable":true,"href":"https:\/\/jorgezanoni.com.br\/2019\/wp-json\/wp\/v2\/media\/22276"}],"wp:attachment":[{"href":"https:\/\/jorgezanoni.com.br\/2019\/wp-json\/wp\/v2\/media?parent=22269"}],"wp:term":[{"taxonomy":"category","embeddable":true,"href":"https:\/\/jorgezanoni.com.br\/2019\/wp-json\/wp\/v2\/categories?post=22269"},{"taxonomy":"post_tag","embeddable":true,"href":"https:\/\/jorgezanoni.com.br\/2019\/wp-json\/wp\/v2\/tags?post=22269"}],"curies":[{"name":"wp","href":"https:\/\/api.w.org\/{rel}","templated":true}]}}