{"id":22251,"date":"2020-03-27T00:40:11","date_gmt":"2020-03-27T00:40:11","guid":{"rendered":"https:\/\/jorgezanoni.com.br\/2019\/?p=22251"},"modified":"2020-03-27T00:41:35","modified_gmt":"2020-03-27T00:41:35","slug":"triste-record-dracena-e-a-cidade-com-maior-numero-de-casos-de-dengue-registrados-na-regiao-de-pres-prudente","status":"publish","type":"post","link":"https:\/\/jorgezanoni.com.br\/2019\/triste-record-dracena-e-a-cidade-com-maior-numero-de-casos-de-dengue-registrados-na-regiao-de-pres-prudente\/","title":{"rendered":"Triste record: Dracena \u00e9 a cidade com maior n\u00famero de casos de Dengue registrados na regi\u00e3o de Pres. Prudente"},"content":{"rendered":"<p style=\"text-align: justify;\">Conforme noticiado no Fronteira Not\u00edcias na noite de hoje (26), Dracena ostenta o triste record de cidade com maior n\u00famero registrado dos casos de Dengue na regi\u00e3o.<\/p>\n<p style=\"text-align: justify;\">Todo mundo s\u00f3 fala no Coronav\u00edrus, o COVID-19 e est\u00e3o se esquecendo que j\u00e1 tivermos mortes em nossa cidade por Dengue, foram 2, nos dias 12 e 16 de mar\u00e7o de 2.020.<\/p>\n<p style=\"text-align: justify;\">Vamos tentar mostrar em n\u00fameros para que os amigos internautas entendam a gravidade da situa\u00e7\u00e3o.<\/p>\n<p style=\"text-align: justify;\">Conforme o \u00faltimo censo em 2010, Adamantina tinha 35.048 Habitantes e tem 440 casos de Dengue; Osvaldo Cruz 32.475 e 723 casos; Presidente Epit\u00e1cio 43.535 para 904; Presidente Venceslau 39.407 e 409 casos, Presidente Prudente 207.610 e 1047 casos; j\u00e1 a campe\u00e3 Dracena 45.847 habitantes e 1775 casos.<\/p>\n<p style=\"text-align: justify;\">Os comparativos s\u00e3o assustadores, e a\u00ed vem o que sempre a imprensa cobrou e pouco ou quase nada foi feito, e se foi, deve ter sido algo que n\u00e3o surtiu efeito e nem aconteceu na \u00e9poca certa.<\/p>\n<p style=\"text-align: justify;\">As limpezas de bocas de lobo, a nebuliza\u00e7\u00e3o t\u00e3o cobrada, a limpeza de terrenos e locais p\u00fablicos com muito mato, locais com \u00e1gua parada, enfim uma somat\u00f3ria de situa\u00e7\u00f5es mostradas no dia a dia com seriedade, com fotos, indica\u00e7\u00e3o de locais, e pouco foi levado em considera\u00e7\u00e3o.<\/p>\n<p style=\"text-align: justify;\">Agora est\u00e1 ai o resultado, quando todos est\u00e3o preocupados com um v\u00edrus que est\u00e1 devassando o mundo, Dracena ainda ter\u00e1 que conviver com outro problema ser\u00edssimo que j\u00e1 matou gente, a Dengue.<\/p>\n<p style=\"text-align: justify;\">Quando os \u00f3rg\u00e3os s\u00e9rios de imprensa de Dracena diziam que <strong>\u00e9<\/strong> <span class=\"ILfuVd\"><span class=\"e24Kjd\"><b>melhor prevenir do que remediar\u00a0<\/b>(ditado popular que quer dizer: indica conselho, alerta, para evitar que algu\u00e9m tenha atitudes imprudentes), a administra\u00e7\u00e3o achava que nosso trabalho era s\u00f3 cr\u00edtica e agora est\u00e1 ai o resultado.<\/span><\/span><\/p>\n<p style=\"text-align: justify;\">Pior, ainda n\u00e3o enxergaram que n\u00f3s (imprensa) somos o melhor canal de informa\u00e7\u00e3o e al\u00e9m de nos negarem informa\u00e7\u00f5es, ainda quando vamos a fundo como no caso das duas mortes da Dengue e dos presidi\u00e1rios que est\u00e3o chegando todos os dias de todos os cantos do estado, somos taxado de Fake.<\/p>\n<p style=\"text-align: justify;\">Apesar que alguns da administra\u00e7\u00e3o se acham Deuses, n\u00f3s (imprensa) sim temos um Deus no cora\u00e7\u00e3o e queremos o melhor para a nossa cidade.<\/p>\n<p style=\"text-align: justify;\">Quem sabe esse Coranav\u00edrus que est\u00e1 mexendo com a cabe\u00e7a de todo mundo, mexa com a cabe\u00e7a dos nossos governantes municipais em todas as \u00e1reas e fa\u00e7am com que juntos tenhamos uma Dracena melhor. N\u00e3o \u00e9 momento de tentar colher louros, e sim de se render as caprichos da natureza e abaixar a crista.<\/p>\n<p style=\"text-align: justify;\">Chega de politicagem, de querer medir for\u00e7as, de se acharem os melhores administradores do mundo. Ou\u00e7am pessoas de bem, pessoas que tem \u00f3timas id\u00e9ias e que ajudem a fazer uma Dracena melhor. Com certeza juntos, seremos melhores.<\/p>\n<p style=\"text-align: justify;\">Jorge Zanoni<\/p>\n<p>&nbsp;<\/p>\n<div class=\"mod\" lang=\"pt-BR\" data-md=\"61\">\n<div class=\"LGOjhe\" role=\"heading\" aria-level=\"3\" data-attrid=\"wa:\/description\" data-hveid=\"CAsQAQ\"><span class=\"ILfuVd\"><span class=\"e24Kjd\">\u00a0<\/span><\/span><\/div>\n<\/div>\n<div class=\"g\">\n<div class=\"rc\" data-hveid=\"CAsQAg\" data-ved=\"2ahUKEwisp4zcsbnoAhX6ILkGHfEXBDIQFSgBMAF6BAgLEAI\"><\/div>\n<\/div>\n<p>&nbsp;<\/p>\n","protected":false},"excerpt":{"rendered":"<p>Conforme noticiado no Fronteira Not\u00edcias na noite de hoje (26), Dracena ostenta o triste record de cidade com maior n\u00famero registrado dos casos de Dengue na regi\u00e3o. Todo mundo s\u00f3 fala no Coronav\u00edrus, o COVID-19 e est\u00e3o se esquecendo que j\u00e1 tivermos mortes em nossa cidade por Dengue, foram 2, nos dias 12 e 16 [&hellip;]<\/p>\n","protected":false},"author":1,"featured_media":22254,"comment_status":"closed","ping_status":"open","sticky":false,"template":"","format":"standard","meta":{"footnotes":""},"categories":[179,184,110],"tags":[],"class_list":["post-22251","post","type-post","status-publish","format-standard","has-post-thumbnail","hentry","category-cidadeseregiao","category-dracena","category-noticiasdestaque"],"_links":{"self":[{"href":"https:\/\/jorgezanoni.com.br\/2019\/wp-json\/wp\/v2\/posts\/22251","targetHints":{"allow":["GET"]}}],"collection":[{"href":"https:\/\/jorgezanoni.com.br\/2019\/wp-json\/wp\/v2\/posts"}],"about":[{"href":"https:\/\/jorgezanoni.com.br\/2019\/wp-json\/wp\/v2\/types\/post"}],"author":[{"embeddable":true,"href":"https:\/\/jorgezanoni.com.br\/2019\/wp-json\/wp\/v2\/users\/1"}],"replies":[{"embeddable":true,"href":"https:\/\/jorgezanoni.com.br\/2019\/wp-json\/wp\/v2\/comments?post=22251"}],"version-history":[{"count":0,"href":"https:\/\/jorgezanoni.com.br\/2019\/wp-json\/wp\/v2\/posts\/22251\/revisions"}],"wp:featuredmedia":[{"embeddable":true,"href":"https:\/\/jorgezanoni.com.br\/2019\/wp-json\/wp\/v2\/media\/22254"}],"wp:attachment":[{"href":"https:\/\/jorgezanoni.com.br\/2019\/wp-json\/wp\/v2\/media?parent=22251"}],"wp:term":[{"taxonomy":"category","embeddable":true,"href":"https:\/\/jorgezanoni.com.br\/2019\/wp-json\/wp\/v2\/categories?post=22251"},{"taxonomy":"post_tag","embeddable":true,"href":"https:\/\/jorgezanoni.com.br\/2019\/wp-json\/wp\/v2\/tags?post=22251"}],"curies":[{"name":"wp","href":"https:\/\/api.w.org\/{rel}","templated":true}]}}