{"id":2225,"date":"2019-07-27T16:32:16","date_gmt":"2019-07-27T16:32:16","guid":{"rendered":"http:\/\/jorgezanoni.com.br\/2019\/?p=2225"},"modified":"2019-07-27T16:32:16","modified_gmt":"2019-07-27T16:32:16","slug":"colisao-traseira-entre-picape-e-trator-deixa-motorista-ferido-em-vicinal","status":"publish","type":"post","link":"https:\/\/jorgezanoni.com.br\/2019\/colisao-traseira-entre-picape-e-trator-deixa-motorista-ferido-em-vicinal\/","title":{"rendered":"Colis\u00e3o traseira entre picape e trator deixa motorista ferido em vicinal"},"content":{"rendered":"<p style=\"text-align: justify;\"><strong>Picape colidiu violentamente contra a traseira de um trator que seguia na mesma dire\u00e7\u00e3o.<\/strong><\/p>\n<p style=\"text-align: justify;\">Uma colis\u00e3o traseira por volta das 17 horas desta quinta-feira (25) deixou um motorista ferido na estrada vicinal que liga Tup\u00e3 a Juli\u00e2nia (Hercul\u00e2ndia).<\/p>\n<p style=\"text-align: justify;\">O condutor de uma Picape Saveiro, placas de Tup\u00e3, trafegava pela referida via, no sentido Juli\u00e2nia para Tup\u00e3, quando no Km 13, por motivos a serem esclarecidos, colidiu violentamente contra a traseira de um trator que seguia na mesma dire\u00e7\u00e3o.<\/p>\n<p style=\"text-align: justify;\">O condutor da Saveiro, R.S.S., 30 anos, morador em Tup\u00e3 ficou retido nas ferragens, sendo socorrido pelo Corpo de Bombeiros para Santa Casa de Tup\u00e3 com ferimentos de natureza grave.\u00a0 O condutor do Trator, I.A.C., 40 anos, morador no Jardim Aritana n\u00e3o se feriu.<\/p>\n<p><img loading=\"lazy\" decoding=\"async\" class=\"alignnone size-full wp-image-2226\" src=\"http:\/\/jorgezanoni.com.br\/2019\/wp-content\/uploads\/2019\/07\/tupa1.jpg\" alt=\"\" width=\"1280\" height=\"960\" srcset=\"https:\/\/jorgezanoni.com.br\/2019\/wp-content\/uploads\/2019\/07\/tupa1.jpg 1280w, https:\/\/jorgezanoni.com.br\/2019\/wp-content\/uploads\/2019\/07\/tupa1-300x225.jpg 300w, https:\/\/jorgezanoni.com.br\/2019\/wp-content\/uploads\/2019\/07\/tupa1-768x576.jpg 768w, https:\/\/jorgezanoni.com.br\/2019\/wp-content\/uploads\/2019\/07\/tupa1-1024x768.jpg 1024w, https:\/\/jorgezanoni.com.br\/2019\/wp-content\/uploads\/2019\/07\/tupa1-80x60.jpg 80w, https:\/\/jorgezanoni.com.br\/2019\/wp-content\/uploads\/2019\/07\/tupa1-265x198.jpg 265w, https:\/\/jorgezanoni.com.br\/2019\/wp-content\/uploads\/2019\/07\/tupa1-696x522.jpg 696w, https:\/\/jorgezanoni.com.br\/2019\/wp-content\/uploads\/2019\/07\/tupa1-1068x801.jpg 1068w, https:\/\/jorgezanoni.com.br\/2019\/wp-content\/uploads\/2019\/07\/tupa1-560x420.jpg 560w\" sizes=\"auto, (max-width: 1280px) 100vw, 1280px\" \/><\/p>\n<figure id=\"attachment_205804\" class=\"wp-caption aligncenter\" style=\"text-align: justify;\" aria-describedby=\"caption-attachment-205804\"><figcaption id=\"caption-attachment-205804\" class=\"wp-caption-text\">Carreta de trator ficou intacta com o choque da picape (Foto: Jo\u00e3o M\u00e1rio Trintini).<\/figcaption><\/figure>\n<p style=\"text-align: justify;\">Segundo apurado no local, por pouco um ve\u00edculo conduzido por uma escriv\u00e3 da Pol\u00edcia Civil de Tup\u00e3 tamb\u00e9m n\u00e3o se envolveu no acidente.<\/p>\n<p style=\"text-align: justify;\">A Pol\u00edcia Militar de Queiroz e Hercul\u00e2ndia estiveram no local para sinaliza\u00e7\u00e3o do tr\u00e2nsito e elabora\u00e7\u00e3o do boletim de ocorr\u00eancia, bem como a Pol\u00edcia Militar Rodovi\u00e1ria e Policiais Civis que passavam pelo local.<\/p>\n<p style=\"text-align: justify;\">A Per\u00edcia T\u00e9cnica do Instituto de Criminal\u00edstica de Tup\u00e3 esteve no local para determinar as causas do acidente.<\/p>\n<p>Fonte: maistupa.com<\/p>\n<p>&nbsp;<\/p>\n","protected":false},"excerpt":{"rendered":"<p>Picape colidiu violentamente contra a traseira de um trator que seguia na mesma dire\u00e7\u00e3o. Uma colis\u00e3o traseira por volta das 17 horas desta quinta-feira (25) deixou um motorista ferido na estrada vicinal que liga Tup\u00e3 a Juli\u00e2nia (Hercul\u00e2ndia). O condutor de uma Picape Saveiro, placas de Tup\u00e3, trafegava pela referida via, no sentido Juli\u00e2nia para [&hellip;]<\/p>\n","protected":false},"author":1,"featured_media":2227,"comment_status":"open","ping_status":"open","sticky":false,"template":"","format":"standard","meta":{"footnotes":""},"categories":[170,110],"tags":[],"class_list":["post-2225","post","type-post","status-publish","format-standard","has-post-thumbnail","hentry","category-acidentes","category-noticiasdestaque"],"_links":{"self":[{"href":"https:\/\/jorgezanoni.com.br\/2019\/wp-json\/wp\/v2\/posts\/2225","targetHints":{"allow":["GET"]}}],"collection":[{"href":"https:\/\/jorgezanoni.com.br\/2019\/wp-json\/wp\/v2\/posts"}],"about":[{"href":"https:\/\/jorgezanoni.com.br\/2019\/wp-json\/wp\/v2\/types\/post"}],"author":[{"embeddable":true,"href":"https:\/\/jorgezanoni.com.br\/2019\/wp-json\/wp\/v2\/users\/1"}],"replies":[{"embeddable":true,"href":"https:\/\/jorgezanoni.com.br\/2019\/wp-json\/wp\/v2\/comments?post=2225"}],"version-history":[{"count":0,"href":"https:\/\/jorgezanoni.com.br\/2019\/wp-json\/wp\/v2\/posts\/2225\/revisions"}],"wp:featuredmedia":[{"embeddable":true,"href":"https:\/\/jorgezanoni.com.br\/2019\/wp-json\/wp\/v2\/media\/2227"}],"wp:attachment":[{"href":"https:\/\/jorgezanoni.com.br\/2019\/wp-json\/wp\/v2\/media?parent=2225"}],"wp:term":[{"taxonomy":"category","embeddable":true,"href":"https:\/\/jorgezanoni.com.br\/2019\/wp-json\/wp\/v2\/categories?post=2225"},{"taxonomy":"post_tag","embeddable":true,"href":"https:\/\/jorgezanoni.com.br\/2019\/wp-json\/wp\/v2\/tags?post=2225"}],"curies":[{"name":"wp","href":"https:\/\/api.w.org\/{rel}","templated":true}]}}