{"id":22247,"date":"2020-03-26T23:40:01","date_gmt":"2020-03-26T23:40:01","guid":{"rendered":"https:\/\/jorgezanoni.com.br\/2019\/?p=22247"},"modified":"2020-03-26T23:40:01","modified_gmt":"2020-03-26T23:40:01","slug":"sindicato-dos-servidores-municipais-de-dracena-e-condenado-por-cobranca-indevida","status":"publish","type":"post","link":"https:\/\/jorgezanoni.com.br\/2019\/sindicato-dos-servidores-municipais-de-dracena-e-condenado-por-cobranca-indevida\/","title":{"rendered":"Sindicato dos servidores municipais de Dracena \u00e9 condenado por cobran\u00e7a indevida"},"content":{"rendered":"<p style=\"text-align: justify;\">Demorou quase 02 anos, mas o Sindicato dos Servidores P\u00fablicos Municipais de Dracena foi condenado a ressarcir os sindicalizados que tiveram descontados ilegalmente taxa de administra\u00e7\u00e3o.<\/p>\n<p style=\"text-align: justify;\">A A\u00e7\u00e3o Trabalhista proposta por 51 sindicalizados reclamou a conduta irregular da Diretoria do Sindicato ao instituir cobran\u00e7a de taxa de administra\u00e7\u00e3o de 8% sobre o Plano de Sa\u00fade UNIMED.<\/p>\n<p style=\"text-align: justify;\">Mesmo a ideia tendo sido rejeitada pelos sindicalizados durante assembleia extraordin\u00e1ria, a Diretoria Sindical resolveu por bem criar e impor a todos a taxa. Na ocasi\u00e3o da reuni\u00e3o, sequer foi disponibilizada a ata, o que mostra a falta de transpar\u00eancia dos respons\u00e1veis pelo Sindicato.<\/p>\n<p style=\"text-align: justify;\">Chama aten\u00e7\u00e3o que na ata omitida \u00e9 citado que \u201cap\u00f3s muita discuss\u00e3o o Presidente junto com a Diretoria decidiu que a taxa ser\u00e1 cobrada a partir do m\u00eas de abril\/2018\u201d, comprovando que a cobran\u00e7a foi indevida, porque na assembleia geral extraordin\u00e1ria n\u00e3o foi aprovada a sua cria\u00e7\u00e3o.<\/p>\n<p style=\"text-align: justify;\">Se h\u00e1 m\u00e1 gest\u00e3o quanto aos valores arrecadados, o presidente e toda diretoria devem se responsabilizar por isso, e n\u00e3o impor o \u00f4nus \u00e0queles sindicalizados que pagam o plano em dia.<\/p>\n<p style=\"text-align: justify;\">Por fim, o Juiz do Trabalho, Alexandre Franco Vieira, condenou o Sindicato a parar de cobrar a taxa de administra\u00e7\u00e3o de 8% e n\u00e3o cancelar o plano de sa\u00fade dos associados. Com rela\u00e7\u00e3o aos valores recolhidos irregularmente (R$ 3.473,11 \u2013 total), o Sindicato dever\u00e1 restituir os valores aos 51 associados, al\u00e9m de pagar os honor\u00e1rios ao advogado dos sindicalizados (estimado em R$ 6.000,00) e \u00e0 custa processual (R$ 800,00).<\/p>\n<p style=\"text-align: justify;\">Com a palavra, o presidente da entidade sindical, o Sr. Edivaldo Caetano de Souza. Aquele que tem o poder da caneta dentro do Sindicato.<\/p>\n<p><img loading=\"lazy\" decoding=\"async\" class=\"alignnone size-full wp-image-22249\" src=\"https:\/\/jorgezanoni.com.br\/2019\/wp-content\/uploads\/2020\/03\/sindicato-dos-servidores-de-dracena.jpg\" alt=\"\" width=\"224\" height=\"225\" srcset=\"https:\/\/jorgezanoni.com.br\/2019\/wp-content\/uploads\/2020\/03\/sindicato-dos-servidores-de-dracena.jpg 224w, https:\/\/jorgezanoni.com.br\/2019\/wp-content\/uploads\/2020\/03\/sindicato-dos-servidores-de-dracena-150x150.jpg 150w\" sizes=\"auto, (max-width: 224px) 100vw, 224px\" \/><\/p>\n<p>Por Bruno Brandino<\/p>\n","protected":false},"excerpt":{"rendered":"<p>Demorou quase 02 anos, mas o Sindicato dos Servidores P\u00fablicos Municipais de Dracena foi condenado a ressarcir os sindicalizados que tiveram descontados ilegalmente taxa de administra\u00e7\u00e3o. A A\u00e7\u00e3o Trabalhista proposta por 51 sindicalizados reclamou a conduta irregular da Diretoria do Sindicato ao instituir cobran\u00e7a de taxa de administra\u00e7\u00e3o de 8% sobre o Plano de Sa\u00fade [&hellip;]<\/p>\n","protected":false},"author":1,"featured_media":22248,"comment_status":"closed","ping_status":"open","sticky":false,"template":"","format":"standard","meta":{"footnotes":""},"categories":[120,110],"tags":[],"class_list":["post-22247","post","type-post","status-publish","format-standard","has-post-thumbnail","hentry","category-justicahabitacaotecnologia","category-noticiasdestaque"],"_links":{"self":[{"href":"https:\/\/jorgezanoni.com.br\/2019\/wp-json\/wp\/v2\/posts\/22247","targetHints":{"allow":["GET"]}}],"collection":[{"href":"https:\/\/jorgezanoni.com.br\/2019\/wp-json\/wp\/v2\/posts"}],"about":[{"href":"https:\/\/jorgezanoni.com.br\/2019\/wp-json\/wp\/v2\/types\/post"}],"author":[{"embeddable":true,"href":"https:\/\/jorgezanoni.com.br\/2019\/wp-json\/wp\/v2\/users\/1"}],"replies":[{"embeddable":true,"href":"https:\/\/jorgezanoni.com.br\/2019\/wp-json\/wp\/v2\/comments?post=22247"}],"version-history":[{"count":0,"href":"https:\/\/jorgezanoni.com.br\/2019\/wp-json\/wp\/v2\/posts\/22247\/revisions"}],"wp:featuredmedia":[{"embeddable":true,"href":"https:\/\/jorgezanoni.com.br\/2019\/wp-json\/wp\/v2\/media\/22248"}],"wp:attachment":[{"href":"https:\/\/jorgezanoni.com.br\/2019\/wp-json\/wp\/v2\/media?parent=22247"}],"wp:term":[{"taxonomy":"category","embeddable":true,"href":"https:\/\/jorgezanoni.com.br\/2019\/wp-json\/wp\/v2\/categories?post=22247"},{"taxonomy":"post_tag","embeddable":true,"href":"https:\/\/jorgezanoni.com.br\/2019\/wp-json\/wp\/v2\/tags?post=22247"}],"curies":[{"name":"wp","href":"https:\/\/api.w.org\/{rel}","templated":true}]}}