{"id":22244,"date":"2020-03-26T23:24:35","date_gmt":"2020-03-26T23:24:35","guid":{"rendered":"https:\/\/jorgezanoni.com.br\/2019\/?p=22244"},"modified":"2020-03-26T23:24:35","modified_gmt":"2020-03-26T23:24:35","slug":"profissionais-de-saude-e-pessoas-ligadas-a-area-podem-se-vacinar-contra-a-gripe-na-proxima-semana","status":"publish","type":"post","link":"https:\/\/jorgezanoni.com.br\/2019\/profissionais-de-saude-e-pessoas-ligadas-a-area-podem-se-vacinar-contra-a-gripe-na-proxima-semana\/","title":{"rendered":"Profissionais de Sa\u00fade e pessoas ligadas a \u00e1rea podem se vacinar contra a Gripe na pr\u00f3xima semana"},"content":{"rendered":"<p style=\"text-align: justify;\"><strong>Profissionais da sa\u00fade e atendentes de farm\u00e1cias, cl\u00ednicas particulares, laborat\u00f3rios, dentistas e fisioterapeutas podem se vacinar contra a gripe na pr\u00f3xima semana.<\/strong><\/p>\n<p style=\"text-align: justify;\">De segunda \u00e0 sexta-feira, 30 de mar\u00e7o \u00e0 03 de abril, os profissionais da sa\u00fade e atendentes que trabalham em farm\u00e1cias, cl\u00ednicas particulares, laborat\u00f3rios, dentistas e fisioterapeutas poder\u00e3o tomar a vacina da gripe, apresentando crach\u00e1 e holerite do m\u00eas anterior.<\/p>\n<p style=\"text-align: justify;\">A Secretaria de Sa\u00fade esclarece que n\u00e3o houve qualquer negativa de vacina\u00e7\u00e3o aos profissionais de sa\u00fade, em especial aos atendentes de farm\u00e1cia.<\/p>\n<p style=\"text-align: justify;\">Ocorre que houve a necessidade de elei\u00e7\u00e3o de prioridade dentro do protocolo de vacina\u00e7\u00e3o, em virtude da pequena quantidade de vacinas recebidas na primeira semana.<\/p>\n<p style=\"text-align: justify;\">A vacina\u00e7\u00e3o para os profissionais da sa\u00fade ser\u00e1 das 08h \u00e0s 15h, na parte externa do Centro de Sa\u00fade Dr. Takashi Enokibara (lateral para a Rua Esp\u00edrito Santo), lembrando que deve-se respeitar a dist\u00e2ncia entre as pessoas, para evitar aglomera\u00e7\u00e3o.<\/p>\n<p>Fonte: Diretoria de Comunica\u00e7\u00e3o<\/p>\n<p>Imagem Ilustrativa<\/p>\n","protected":false},"excerpt":{"rendered":"<p>Profissionais da sa\u00fade e atendentes de farm\u00e1cias, cl\u00ednicas particulares, laborat\u00f3rios, dentistas e fisioterapeutas podem se vacinar contra a gripe na pr\u00f3xima semana. De segunda \u00e0 sexta-feira, 30 de mar\u00e7o \u00e0 03 de abril, os profissionais da sa\u00fade e atendentes que trabalham em farm\u00e1cias, cl\u00ednicas particulares, laborat\u00f3rios, dentistas e fisioterapeutas poder\u00e3o tomar a vacina da gripe, [&hellip;]<\/p>\n","protected":false},"author":1,"featured_media":22245,"comment_status":"closed","ping_status":"open","sticky":false,"template":"","format":"standard","meta":{"footnotes":""},"categories":[110,122],"tags":[],"class_list":["post-22244","post","type-post","status-publish","format-standard","has-post-thumbnail","hentry","category-noticiasdestaque","category-saudeeducacaoeconcurso"],"_links":{"self":[{"href":"https:\/\/jorgezanoni.com.br\/2019\/wp-json\/wp\/v2\/posts\/22244","targetHints":{"allow":["GET"]}}],"collection":[{"href":"https:\/\/jorgezanoni.com.br\/2019\/wp-json\/wp\/v2\/posts"}],"about":[{"href":"https:\/\/jorgezanoni.com.br\/2019\/wp-json\/wp\/v2\/types\/post"}],"author":[{"embeddable":true,"href":"https:\/\/jorgezanoni.com.br\/2019\/wp-json\/wp\/v2\/users\/1"}],"replies":[{"embeddable":true,"href":"https:\/\/jorgezanoni.com.br\/2019\/wp-json\/wp\/v2\/comments?post=22244"}],"version-history":[{"count":0,"href":"https:\/\/jorgezanoni.com.br\/2019\/wp-json\/wp\/v2\/posts\/22244\/revisions"}],"wp:featuredmedia":[{"embeddable":true,"href":"https:\/\/jorgezanoni.com.br\/2019\/wp-json\/wp\/v2\/media\/22245"}],"wp:attachment":[{"href":"https:\/\/jorgezanoni.com.br\/2019\/wp-json\/wp\/v2\/media?parent=22244"}],"wp:term":[{"taxonomy":"category","embeddable":true,"href":"https:\/\/jorgezanoni.com.br\/2019\/wp-json\/wp\/v2\/categories?post=22244"},{"taxonomy":"post_tag","embeddable":true,"href":"https:\/\/jorgezanoni.com.br\/2019\/wp-json\/wp\/v2\/tags?post=22244"}],"curies":[{"name":"wp","href":"https:\/\/api.w.org\/{rel}","templated":true}]}}