{"id":22239,"date":"2020-03-26T22:45:24","date_gmt":"2020-03-26T22:45:24","guid":{"rendered":"https:\/\/jorgezanoni.com.br\/2019\/?p=22239"},"modified":"2020-03-26T22:49:13","modified_gmt":"2020-03-26T22:49:13","slug":"vacinacao-contra-a-gripe-para-idosos-com-60-anos-comeca-segunda-feira-30","status":"publish","type":"post","link":"https:\/\/jorgezanoni.com.br\/2019\/vacinacao-contra-a-gripe-para-idosos-com-60-anos-comeca-segunda-feira-30\/","title":{"rendered":"Vacina\u00e7\u00e3o contra a gripe para idosos com 60 anos come\u00e7a segunda-feira (30) em Dracena"},"content":{"rendered":"<p style=\"text-align: justify;\">Nesta segunda-feira, dia 30, a Secretaria Municipal de Sa\u00fade e Higiene P\u00fablica de Dracena iniciar\u00e1 a vacina\u00e7\u00e3o contra a gripe, a domic\u00edlio, para as pessoas com 60 anos ou mais.<\/p>\n<p style=\"text-align: justify;\">A vacina\u00e7\u00e3o para este grupo come\u00e7ar\u00e1 pelo bairro Tonico Andr\u00e9.<\/p>\n<p style=\"text-align: justify;\">A equipe ser\u00e1 composta por funcion\u00e1rios da sa\u00fade e alunos dos cursos de Enfermagem e Medicina da UNIFADRA, todos com identifica\u00e7\u00e3o.<\/p>\n<p style=\"text-align: justify;\">\u00c9 importante que\u00a0os idosos aguardem em casa e n\u00e3o procurem a Unidade de Sa\u00fade, pois a vacina ser\u00e1 aplicada somente nas resid\u00eancias.<\/p>\n<p style=\"text-align: justify;\">A Prefeitura avisar\u00e1 diariamente, atrav\u00e9s da imprensa e carro de som pela cidade, em qual bairro estar\u00e3o as equipes de sa\u00fade aplicando a vacina.<\/p>\n<p style=\"text-align: justify;\">Fonte: Diretoria de Comunica\u00e7\u00e3o<\/p>\n<p>Imagem Ilustrativa<\/p>\n","protected":false},"excerpt":{"rendered":"<p>Nesta segunda-feira, dia 30, a Secretaria Municipal de Sa\u00fade e Higiene P\u00fablica de Dracena iniciar\u00e1 a vacina\u00e7\u00e3o contra a gripe, a domic\u00edlio, para as pessoas com 60 anos ou mais. A vacina\u00e7\u00e3o para este grupo come\u00e7ar\u00e1 pelo bairro Tonico Andr\u00e9. A equipe ser\u00e1 composta por funcion\u00e1rios da sa\u00fade e alunos dos cursos de Enfermagem e [&hellip;]<\/p>\n","protected":false},"author":1,"featured_media":22240,"comment_status":"closed","ping_status":"open","sticky":false,"template":"","format":"standard","meta":{"footnotes":""},"categories":[110,122],"tags":[],"class_list":["post-22239","post","type-post","status-publish","format-standard","has-post-thumbnail","hentry","category-noticiasdestaque","category-saudeeducacaoeconcurso"],"_links":{"self":[{"href":"https:\/\/jorgezanoni.com.br\/2019\/wp-json\/wp\/v2\/posts\/22239","targetHints":{"allow":["GET"]}}],"collection":[{"href":"https:\/\/jorgezanoni.com.br\/2019\/wp-json\/wp\/v2\/posts"}],"about":[{"href":"https:\/\/jorgezanoni.com.br\/2019\/wp-json\/wp\/v2\/types\/post"}],"author":[{"embeddable":true,"href":"https:\/\/jorgezanoni.com.br\/2019\/wp-json\/wp\/v2\/users\/1"}],"replies":[{"embeddable":true,"href":"https:\/\/jorgezanoni.com.br\/2019\/wp-json\/wp\/v2\/comments?post=22239"}],"version-history":[{"count":0,"href":"https:\/\/jorgezanoni.com.br\/2019\/wp-json\/wp\/v2\/posts\/22239\/revisions"}],"wp:featuredmedia":[{"embeddable":true,"href":"https:\/\/jorgezanoni.com.br\/2019\/wp-json\/wp\/v2\/media\/22240"}],"wp:attachment":[{"href":"https:\/\/jorgezanoni.com.br\/2019\/wp-json\/wp\/v2\/media?parent=22239"}],"wp:term":[{"taxonomy":"category","embeddable":true,"href":"https:\/\/jorgezanoni.com.br\/2019\/wp-json\/wp\/v2\/categories?post=22239"},{"taxonomy":"post_tag","embeddable":true,"href":"https:\/\/jorgezanoni.com.br\/2019\/wp-json\/wp\/v2\/tags?post=22239"}],"curies":[{"name":"wp","href":"https:\/\/api.w.org\/{rel}","templated":true}]}}