{"id":22235,"date":"2020-03-26T21:58:46","date_gmt":"2020-03-26T21:58:46","guid":{"rendered":"https:\/\/jorgezanoni.com.br\/2019\/?p=22235"},"modified":"2020-03-26T21:58:46","modified_gmt":"2020-03-26T21:58:46","slug":"diversas-cidades-estao-desinfectando-e-pulverizando-principais-pontos-em-dracena-nao-se-tem-noticia-de-tal-providencia","status":"publish","type":"post","link":"https:\/\/jorgezanoni.com.br\/2019\/diversas-cidades-estao-desinfectando-e-pulverizando-principais-pontos-em-dracena-nao-se-tem-noticia-de-tal-providencia\/","title":{"rendered":"Diversas cidades est\u00e3o desinfectando e pulverizando principais pontos, em Dracena n\u00e3o se tem not\u00edcia de tal provid\u00eancia"},"content":{"rendered":"<p style=\"text-align: justify;\">Conforme mat\u00e9rias publicadas no Site JZ, cidades como Presidente Prudente, Adamantina, Andradina e Castilho entre outras, est\u00e3o fazendo um trabalho intenso de &#8220;Desinfec\u00e7\u00e3o e Pulveriza\u00e7\u00e3o&#8221; nos principais pontos, ruas e avenidas.<\/p>\n<p style=\"text-align: justify;\">Esta pr\u00e1tica que ao\u00a0 nosso ver em tempos de Coronav\u00edrus teria que ser feito em todos os lugares, n\u00e3o est\u00e1 sendo executada em Dracena.<\/p>\n<p style=\"text-align: justify;\">N\u00e3o seria o momento para fazer uso desse expediente em nossa cidade e dar uma tranquilidade maior \u00e0 nossa popula\u00e7\u00e3o?<\/p>\n<p style=\"text-align: justify;\">Veja Mat\u00e9rias no Site JZ conforme as chamadas abaixo.<\/p>\n<p style=\"text-align: justify;\"><img loading=\"lazy\" decoding=\"async\" class=\"alignnone size-full wp-image-22237\" src=\"https:\/\/jorgezanoni.com.br\/2019\/wp-content\/uploads\/2020\/03\/2020-03-26-3.png\" alt=\"\" width=\"700\" height=\"393\" srcset=\"https:\/\/jorgezanoni.com.br\/2019\/wp-content\/uploads\/2020\/03\/2020-03-26-3.png 700w, https:\/\/jorgezanoni.com.br\/2019\/wp-content\/uploads\/2020\/03\/2020-03-26-3-300x168.png 300w, https:\/\/jorgezanoni.com.br\/2019\/wp-content\/uploads\/2020\/03\/2020-03-26-3-696x391.png 696w\" sizes=\"auto, (max-width: 700px) 100vw, 700px\" \/><\/p>\n<p>Jorge Zanoni<\/p>\n","protected":false},"excerpt":{"rendered":"<p>Conforme mat\u00e9rias publicadas no Site JZ, cidades como Presidente Prudente, Adamantina, Andradina e Castilho entre outras, est\u00e3o fazendo um trabalho intenso de &#8220;Desinfec\u00e7\u00e3o e Pulveriza\u00e7\u00e3o&#8221; nos principais pontos, ruas e avenidas. Esta pr\u00e1tica que ao\u00a0 nosso ver em tempos de Coronav\u00edrus teria que ser feito em todos os lugares, n\u00e3o est\u00e1 sendo executada em Dracena. [&hellip;]<\/p>\n","protected":false},"author":1,"featured_media":22237,"comment_status":"closed","ping_status":"open","sticky":false,"template":"","format":"standard","meta":{"footnotes":""},"categories":[179,184,110],"tags":[],"class_list":["post-22235","post","type-post","status-publish","format-standard","has-post-thumbnail","hentry","category-cidadeseregiao","category-dracena","category-noticiasdestaque"],"_links":{"self":[{"href":"https:\/\/jorgezanoni.com.br\/2019\/wp-json\/wp\/v2\/posts\/22235","targetHints":{"allow":["GET"]}}],"collection":[{"href":"https:\/\/jorgezanoni.com.br\/2019\/wp-json\/wp\/v2\/posts"}],"about":[{"href":"https:\/\/jorgezanoni.com.br\/2019\/wp-json\/wp\/v2\/types\/post"}],"author":[{"embeddable":true,"href":"https:\/\/jorgezanoni.com.br\/2019\/wp-json\/wp\/v2\/users\/1"}],"replies":[{"embeddable":true,"href":"https:\/\/jorgezanoni.com.br\/2019\/wp-json\/wp\/v2\/comments?post=22235"}],"version-history":[{"count":0,"href":"https:\/\/jorgezanoni.com.br\/2019\/wp-json\/wp\/v2\/posts\/22235\/revisions"}],"wp:featuredmedia":[{"embeddable":true,"href":"https:\/\/jorgezanoni.com.br\/2019\/wp-json\/wp\/v2\/media\/22237"}],"wp:attachment":[{"href":"https:\/\/jorgezanoni.com.br\/2019\/wp-json\/wp\/v2\/media?parent=22235"}],"wp:term":[{"taxonomy":"category","embeddable":true,"href":"https:\/\/jorgezanoni.com.br\/2019\/wp-json\/wp\/v2\/categories?post=22235"},{"taxonomy":"post_tag","embeddable":true,"href":"https:\/\/jorgezanoni.com.br\/2019\/wp-json\/wp\/v2\/tags?post=22235"}],"curies":[{"name":"wp","href":"https:\/\/api.w.org\/{rel}","templated":true}]}}