{"id":22227,"date":"2020-03-26T20:47:50","date_gmt":"2020-03-26T20:47:50","guid":{"rendered":"https:\/\/jorgezanoni.com.br\/2019\/?p=22227"},"modified":"2020-03-26T20:49:38","modified_gmt":"2020-03-26T20:49:38","slug":"prefeitura-e-usina-viralcool-desinfectam-ruas-de-castilho","status":"publish","type":"post","link":"https:\/\/jorgezanoni.com.br\/2019\/prefeitura-e-usina-viralcool-desinfectam-ruas-de-castilho\/","title":{"rendered":"Prefeitura e usina Viralcool desinfectam ruas de Castilho"},"content":{"rendered":"<p style=\"text-align: justify;\">A guerra contra o COVID-19 tem reunido esfor\u00e7os dos poderes p\u00fablico e privado em Castilho. Por meio de uma a\u00e7\u00e3o conjunta entre a Prefeitura e a usina Viralcool, as principais ruas da cidade passaram por uma desinfec\u00e7\u00e3o com hipoclorito de s\u00f3dio na madrugada desta quinta-feira,26.<\/p>\n<p style=\"text-align: justify;\">A Prefeita F\u00e1tima Nascimento destacou a equipe de brigadistas para ajudar na aplica\u00e7\u00e3o do produto comprado pela Administra\u00e7\u00e3o. A Viralcool tamb\u00e9m cedeu funcion\u00e1rios, o caminh\u00e3o pipa e mais a \u00e1gua para dilui\u00e7\u00e3o do hipoclorito.<\/p>\n<p style=\"text-align: justify;\">\u201cEstamos num per\u00edodo de guerra contra um inimigo invis\u00edvel e para venc\u00ea-lo \u00e9 preciso trabalho de equipe. Por isso temos essa parceria com a usina que envolve ainda a Secretaria Municipal de Sa\u00fade, o departamento de Vias e Logradouros e os Brigadistas. Todos na luta para o bem comum\u201d, declarou a Prefeita.<\/p>\n<p style=\"text-align: justify;\">De acordo com Fabiano Augusto Castilho Teno, membro do Comit\u00ea de enfrentamento e combate ao COVID-19, foram utilizados 30 mil litros de \u00e1gua e hipoclorito para desinfec\u00e7\u00e3o das ruas. Nesse primeiro momento foram beneficiados locais com maior tr\u00e2nsito de pessoas, como a rua do hospital Jos\u00e9 Fortuna, a quadra ao redor da Pra\u00e7a da Matriz, a avenida Get\u00falio Vargas, o terminal rodovi\u00e1rio, as proximidades do CIS (Centro Integrado de Sa\u00fade) e a rua Os\u00f3rio Junqueira.<\/p>\n<p style=\"text-align: justify;\">Fonte: http:\/\/paparazzinews.com.br\/<\/p>\n","protected":false},"excerpt":{"rendered":"<p>A guerra contra o COVID-19 tem reunido esfor\u00e7os dos poderes p\u00fablico e privado em Castilho. Por meio de uma a\u00e7\u00e3o conjunta entre a Prefeitura e a usina Viralcool, as principais ruas da cidade passaram por uma desinfec\u00e7\u00e3o com hipoclorito de s\u00f3dio na madrugada desta quinta-feira,26. A Prefeita F\u00e1tima Nascimento destacou a equipe de brigadistas para [&hellip;]<\/p>\n","protected":false},"author":1,"featured_media":22230,"comment_status":"closed","ping_status":"open","sticky":false,"template":"","format":"standard","meta":{"footnotes":""},"categories":[114,110],"tags":[],"class_list":["post-22227","post","type-post","status-publish","format-standard","has-post-thumbnail","hentry","category-geralecomercio","category-noticiasdestaque"],"_links":{"self":[{"href":"https:\/\/jorgezanoni.com.br\/2019\/wp-json\/wp\/v2\/posts\/22227","targetHints":{"allow":["GET"]}}],"collection":[{"href":"https:\/\/jorgezanoni.com.br\/2019\/wp-json\/wp\/v2\/posts"}],"about":[{"href":"https:\/\/jorgezanoni.com.br\/2019\/wp-json\/wp\/v2\/types\/post"}],"author":[{"embeddable":true,"href":"https:\/\/jorgezanoni.com.br\/2019\/wp-json\/wp\/v2\/users\/1"}],"replies":[{"embeddable":true,"href":"https:\/\/jorgezanoni.com.br\/2019\/wp-json\/wp\/v2\/comments?post=22227"}],"version-history":[{"count":0,"href":"https:\/\/jorgezanoni.com.br\/2019\/wp-json\/wp\/v2\/posts\/22227\/revisions"}],"wp:featuredmedia":[{"embeddable":true,"href":"https:\/\/jorgezanoni.com.br\/2019\/wp-json\/wp\/v2\/media\/22230"}],"wp:attachment":[{"href":"https:\/\/jorgezanoni.com.br\/2019\/wp-json\/wp\/v2\/media?parent=22227"}],"wp:term":[{"taxonomy":"category","embeddable":true,"href":"https:\/\/jorgezanoni.com.br\/2019\/wp-json\/wp\/v2\/categories?post=22227"},{"taxonomy":"post_tag","embeddable":true,"href":"https:\/\/jorgezanoni.com.br\/2019\/wp-json\/wp\/v2\/tags?post=22227"}],"curies":[{"name":"wp","href":"https:\/\/api.w.org\/{rel}","templated":true}]}}