{"id":22215,"date":"2020-03-26T20:17:49","date_gmt":"2020-03-26T20:17:49","guid":{"rendered":"https:\/\/jorgezanoni.com.br\/2019\/?p=22215"},"modified":"2020-03-26T20:17:49","modified_gmt":"2020-03-26T20:17:49","slug":"trabalho-de-desinfeccao-continua-em-presidente-prudente-e-abrange-central-de-ambulancias","status":"publish","type":"post","link":"https:\/\/jorgezanoni.com.br\/2019\/trabalho-de-desinfeccao-continua-em-presidente-prudente-e-abrange-central-de-ambulancias\/","title":{"rendered":"Trabalho de desinfec\u00e7\u00e3o continua em Presidente Prudente e abrange Central de Ambul\u00e2ncias"},"content":{"rendered":"<h2 class=\"content-head__subtitle\" style=\"text-align: justify;\">Assepsia tamb\u00e9m foi feita em pisos, bancos e pontos de \u00f4nibus da Pra\u00e7a Monsenhor Sarrion e da Pra\u00e7a Nove de Julho.<\/h2>\n<div class=\"mc-column content-text active-extra-styles \" data-block-type=\"unstyled\" data-block-weight=\"47\" data-block-id=\"2\">\n<p class=\"content-text__container \" style=\"text-align: justify;\" data-track-category=\"Link no Texto\" data-track-links=\"\">O trabalho de desinfec\u00e7\u00e3o em \u00e1reas p\u00fablicas de\u00a0<a href=\"http:\/\/g1.globo.com\/sp\/presidente-prudente-regiao\/cidade\/presidente-prudente.html\">Presidente Prudente<\/a>, medida que faz parte das a\u00e7\u00f5es de enfrentamento \u00e0 propaga\u00e7\u00e3o da Covid-19, teve continuidade nesta quinta-feira (26) com a assepsia em pisos, bancos e pontos de \u00f4nibus da Pra\u00e7a Monsenhor Sarrion e da Pra\u00e7a Nove de Julho.<\/p>\n<\/div>\n<div class=\"wall protected-content\">\n<div class=\"mc-column content-text active-extra-styles \" style=\"text-align: justify;\" data-block-type=\"unstyled\" data-block-weight=\"31\" data-block-id=\"3\">\n<p class=\"content-text__container \" data-track-category=\"Link no Texto\" data-track-links=\"\">A assepsia tamb\u00e9m deve foi feita em ambientes das unidades de sa\u00fade e na Central de Ambul\u00e2ncias, que receberam jatos de \u00e1gua clorificada, que visam desinfetar fachadas, paredes e estacionamentos.<\/p>\n<\/div>\n<div class=\"mc-column content-text active-extra-styles \" style=\"text-align: justify;\" data-block-type=\"unstyled\" data-block-weight=\"15\" data-block-id=\"4\">\n<p class=\"content-text__container \" data-track-category=\"Link no Texto\" data-track-links=\"\">A limpeza contempla, ainda, o Terminal Rodovi\u00e1rio Urbano na zona leste, dentre outros locais p\u00fablicos.<\/p>\n<\/div>\n<div class=\"mc-column content-text active-extra-styles \" style=\"text-align: justify;\" data-block-type=\"unstyled\" data-block-weight=\"34\" data-block-id=\"5\">\n<p class=\"content-text__container \" data-track-category=\"Link no Texto\" data-track-links=\"\">A assepsia \u00e9 feita em parceria firmada entre a Prefeitura de Presidente Prudente e a Companhia de Saneamento B\u00e1sico do Estado de S\u00e3o Paulo (Sabesp), que colocou \u00e0 disposi\u00e7\u00e3o da Prefeitura um caminh\u00e3o-pipa.<\/p>\n<\/div>\n<div class=\"mc-column content-text active-extra-styles \" style=\"text-align: justify;\" data-block-type=\"unstyled\" data-block-weight=\"17\" data-block-id=\"6\">\n<p class=\"content-text__container \" data-track-category=\"Link no Texto\" data-track-links=\"\">A Companhia Prudentina de Desenvolvimento (Prudenco) tamb\u00e9m auxilia na limpeza com \u00e1gua clorificada dos postos de sa\u00fade.<\/p>\n<\/div>\n<div class=\"mc-column content-text active-extra-styles \" style=\"text-align: justify;\" data-block-type=\"unstyled\" data-block-weight=\"32\" data-block-id=\"7\">\n<p class=\"content-text__container \" data-track-category=\"Link no Texto\" data-track-links=\"\">Os trabalhos come\u00e7aram de desinfec\u00e7\u00e3o nesta quarta-feira (25) e contempla todas as unidades de sa\u00fade. Os primeiros locais foram as Unidades de Pronto Atendimento (UPAs) do Ana Jacinta e do Guanabara.<\/p>\n<\/div>\n<div class=\"mc-column content-text active-extra-styles \" style=\"text-align: justify;\" data-block-type=\"unstyled\" data-block-weight=\"11\" data-block-id=\"8\">\n<p class=\"content-text__container \" data-track-category=\"Link no Texto\" data-track-links=\"\">Outros locais p\u00fablicos com servi\u00e7os de lavagem e desinfec\u00e7\u00e3o s\u00e3o:<\/p>\n<\/div>\n<div class=\"mc-column content-text active-extra-styles\" data-block-type=\"raw\" data-block-weight=\"24\" data-block-id=\"9\">\n<ul class=\"content-unordered-list\">\n<li style=\"text-align: justify;\">Parque de Uso M\u00faltiplo (PUM);<\/li>\n<li style=\"text-align: justify;\">Casa de Passagem;<\/li>\n<li style=\"text-align: justify;\">Creas POP (Servi\u00e7o Especializado para Pessoas em Situa\u00e7\u00e3o de Rua) e<\/li>\n<li style=\"text-align: justify;\">Terminal Rodovi\u00e1rio Urbano, no Centro.<\/li>\n<\/ul>\n<p><img loading=\"lazy\" decoding=\"async\" class=\"alignnone size-full wp-image-22216\" src=\"https:\/\/jorgezanoni.com.br\/2019\/wp-content\/uploads\/2020\/03\/prudente-1.jpeg\" alt=\"\" width=\"640\" height=\"480\" srcset=\"https:\/\/jorgezanoni.com.br\/2019\/wp-content\/uploads\/2020\/03\/prudente-1.jpeg 640w, https:\/\/jorgezanoni.com.br\/2019\/wp-content\/uploads\/2020\/03\/prudente-1-300x225.jpeg 300w, https:\/\/jorgezanoni.com.br\/2019\/wp-content\/uploads\/2020\/03\/prudente-1-80x60.jpeg 80w, https:\/\/jorgezanoni.com.br\/2019\/wp-content\/uploads\/2020\/03\/prudente-1-265x198.jpeg 265w, https:\/\/jorgezanoni.com.br\/2019\/wp-content\/uploads\/2020\/03\/prudente-1-560x420.jpeg 560w\" sizes=\"auto, (max-width: 640px) 100vw, 640px\" \/>Central de Ambul\u00e2ncias foi um dos locais que receberam a limpeza \u2014 Foto: Cedida\/Secom<\/p>\n<p><img loading=\"lazy\" decoding=\"async\" class=\"alignnone size-full wp-image-22217\" src=\"https:\/\/jorgezanoni.com.br\/2019\/wp-content\/uploads\/2020\/03\/prudente2.jpeg\" alt=\"\" width=\"640\" height=\"480\" srcset=\"https:\/\/jorgezanoni.com.br\/2019\/wp-content\/uploads\/2020\/03\/prudente2.jpeg 640w, https:\/\/jorgezanoni.com.br\/2019\/wp-content\/uploads\/2020\/03\/prudente2-300x225.jpeg 300w, https:\/\/jorgezanoni.com.br\/2019\/wp-content\/uploads\/2020\/03\/prudente2-80x60.jpeg 80w, https:\/\/jorgezanoni.com.br\/2019\/wp-content\/uploads\/2020\/03\/prudente2-265x198.jpeg 265w, https:\/\/jorgezanoni.com.br\/2019\/wp-content\/uploads\/2020\/03\/prudente2-560x420.jpeg 560w\" sizes=\"auto, (max-width: 640px) 100vw, 640px\" \/>Central de Ambul\u00e2ncias foi um dos locais que receberam a limpeza \u2014 Foto: Cedida\/Secom<\/p>\n<p>Fonte: G1<\/p>\n<\/div>\n<div class=\"content-ads content-ads--reveal\" data-block-type=\"ads\" data-block-id=\"10\"><\/div>\n<div class=\"row medium-uncollapsed content-media content-photo\" data-block-type=\"backstage-photo\" data-block-id=\"11\">\n<div class=\"mc-column content-media__container\">\n<div class=\"progressive-img can-open-lightbox\" data-min-size=\"1008x756\" data-min-size-url=\"https:\/\/s2.glbimg.com\/UfJcFEPhLhR1ExGLI76QtWQ-E4Y=\/0x0:1280x960\/1008x0\/smart\/filters:strip_icc()\/i.s3.glbimg.com\/v1\/AUTH_59edd422c0c84a879bd37670ae4f538a\/internal_photos\/bs\/2020\/O\/s\/wzq8VhSbes0Yqe7j2vcQ\/foto-2.jpeg\" data-max-size=\"1600x1200\" data-max-size-url=\"https:\/\/s2.glbimg.com\/8dXyquZeF6UISpUzSINpQtIvphA=\/0x0:1280x960\/1600x0\/smart\/filters:strip_icc()\/i.s3.glbimg.com\/v1\/AUTH_59edd422c0c84a879bd37670ae4f538a\/internal_photos\/bs\/2020\/O\/s\/wzq8VhSbes0Yqe7j2vcQ\/foto-2.jpeg\" data-media-index=\"1\"><\/div>\n<\/div>\n<\/div>\n<\/div>\n","protected":false},"excerpt":{"rendered":"<p>Assepsia tamb\u00e9m foi feita em pisos, bancos e pontos de \u00f4nibus da Pra\u00e7a Monsenhor Sarrion e da Pra\u00e7a Nove de Julho. O trabalho de desinfec\u00e7\u00e3o em \u00e1reas p\u00fablicas de\u00a0Presidente Prudente, medida que faz parte das a\u00e7\u00f5es de enfrentamento \u00e0 propaga\u00e7\u00e3o da Covid-19, teve continuidade nesta quinta-feira (26) com a assepsia em pisos, bancos e pontos [&hellip;]<\/p>\n","protected":false},"author":1,"featured_media":22218,"comment_status":"closed","ping_status":"open","sticky":false,"template":"","format":"standard","meta":{"footnotes":""},"categories":[114,110],"tags":[],"class_list":["post-22215","post","type-post","status-publish","format-standard","has-post-thumbnail","hentry","category-geralecomercio","category-noticiasdestaque"],"_links":{"self":[{"href":"https:\/\/jorgezanoni.com.br\/2019\/wp-json\/wp\/v2\/posts\/22215","targetHints":{"allow":["GET"]}}],"collection":[{"href":"https:\/\/jorgezanoni.com.br\/2019\/wp-json\/wp\/v2\/posts"}],"about":[{"href":"https:\/\/jorgezanoni.com.br\/2019\/wp-json\/wp\/v2\/types\/post"}],"author":[{"embeddable":true,"href":"https:\/\/jorgezanoni.com.br\/2019\/wp-json\/wp\/v2\/users\/1"}],"replies":[{"embeddable":true,"href":"https:\/\/jorgezanoni.com.br\/2019\/wp-json\/wp\/v2\/comments?post=22215"}],"version-history":[{"count":0,"href":"https:\/\/jorgezanoni.com.br\/2019\/wp-json\/wp\/v2\/posts\/22215\/revisions"}],"wp:featuredmedia":[{"embeddable":true,"href":"https:\/\/jorgezanoni.com.br\/2019\/wp-json\/wp\/v2\/media\/22218"}],"wp:attachment":[{"href":"https:\/\/jorgezanoni.com.br\/2019\/wp-json\/wp\/v2\/media?parent=22215"}],"wp:term":[{"taxonomy":"category","embeddable":true,"href":"https:\/\/jorgezanoni.com.br\/2019\/wp-json\/wp\/v2\/categories?post=22215"},{"taxonomy":"post_tag","embeddable":true,"href":"https:\/\/jorgezanoni.com.br\/2019\/wp-json\/wp\/v2\/tags?post=22215"}],"curies":[{"name":"wp","href":"https:\/\/api.w.org\/{rel}","templated":true}]}}