{"id":22212,"date":"2020-03-26T20:02:45","date_gmt":"2020-03-26T20:02:45","guid":{"rendered":"https:\/\/jorgezanoni.com.br\/2019\/?p=22212"},"modified":"2020-03-26T20:02:45","modified_gmt":"2020-03-26T20:02:45","slug":"apos-denuncia-e-buscas-pela-sp-425-policia-rodoviaria-recupera-caminhao-furtado-minutos-antes-em-posto-de-combustiveis","status":"publish","type":"post","link":"https:\/\/jorgezanoni.com.br\/2019\/apos-denuncia-e-buscas-pela-sp-425-policia-rodoviaria-recupera-caminhao-furtado-minutos-antes-em-posto-de-combustiveis\/","title":{"rendered":"Ap\u00f3s den\u00fancia e buscas pela SP-425, Pol\u00edcia Rodovi\u00e1ria recupera caminh\u00e3o furtado minutos antes em posto de combust\u00edveis"},"content":{"rendered":"<h2 class=\"content-head__subtitle\" style=\"text-align: justify;\"><strong>Ve\u00edculo estava em \u00c1lvares Machado quando foi subtra\u00eddo. Propriet\u00e1rio avisou a corpora\u00e7\u00e3o, que o localizou j\u00e1 em Parapu\u00e3.<\/strong><\/h2>\n<div class=\"mc-column content-text active-extra-styles \" data-block-type=\"unstyled\" data-block-weight=\"31\" data-block-id=\"2\">\n<p class=\"content-text__container \" style=\"text-align: justify;\" data-track-category=\"Link no Texto\" data-track-links=\"\">A Pol\u00edcia Militar Rodovi\u00e1ria recuperou, nesta quinta-feira (26), um caminh\u00e3o que havia sido furtado momentos antes. O ve\u00edculo foi encontrado na Rodovia Assis Chateaubriand (SP-425), em\u00a0<a href=\"https:\/\/g1.globo.com\/sp\/presidente-prudente-regiao\/cidade\/parapua\/\">Parapu\u00e3 (SP)<\/a>. Os ladr\u00f5es fugiram.<\/p>\n<\/div>\n<div class=\"wall protected-content\">\n<div class=\"mc-column content-text active-extra-styles \" style=\"text-align: justify;\" data-block-type=\"unstyled\" data-block-weight=\"56\" data-block-id=\"3\">\n<p class=\"content-text__container \" data-track-category=\"Link no Texto\" data-track-links=\"\">O propriet\u00e1rio de um caminh\u00e3o foi at\u00e9 a Base da Pol\u00edcia Rodovi\u00e1ria, em\u00a0<a href=\"https:\/\/g1.globo.com\/sp\/presidente-prudente-regiao\/cidade\/presidente-prudente\/\">Presidente Prudente (SP)<\/a>, para informar que seu ve\u00edculo havia sido furtado minutos antes em um posto de combust\u00edveis, em\u00a0<a href=\"https:\/\/g1.globo.com\/sp\/presidente-prudente-regiao\/cidade\/alvares-machado\/\">\u00c1lvares Machado (SP)<\/a>, e que o rastreador estava em movimento, dando sinal do GPS pela SP-425, no sentido de Presidente Prudente a\u00a0<a href=\"https:\/\/g1.globo.com\/sp\/presidente-prudente-regiao\/cidade\/martinopolis-sp\/\">Martin\u00f3polis (SP)<\/a>.<\/p>\n<\/div>\n<div class=\"mc-column content-text active-extra-styles \" style=\"text-align: justify;\" data-block-type=\"unstyled\" data-block-weight=\"21\" data-block-id=\"4\">\n<p class=\"content-text__container \" data-track-category=\"Link no Texto\" data-track-links=\"\">Ap\u00f3s receber as informa\u00e7\u00f5es, o policiamento rodovi\u00e1rio seguiu com o patrulhamento para o local informado e conseguiu encontrar o ve\u00edculo.<\/p>\n<\/div>\n<div class=\"mc-column content-text active-extra-styles \" style=\"text-align: justify;\" data-block-type=\"unstyled\" data-block-weight=\"53\" data-block-id=\"5\">\n<p class=\"content-text__container \" data-track-category=\"Link no Texto\" data-track-links=\"\">No km 383, em Parapu\u00e3, o caminh\u00e3o foi abordado, mas os dois indiv\u00edduos que estavam dentro do ve\u00edculo j\u00e1 haviam desembarcado e se embrenhado em meio a um matagal existente no local. Diversas buscas foram feitas nas proximidades, mas, devido ao per\u00edodo noturno e \u00e0 visibilidade reduzida, os indiv\u00edduos n\u00e3o foram localizados.<\/p>\n<\/div>\n<div class=\"mc-column content-text active-extra-styles \" data-block-type=\"unstyled\" data-block-weight=\"9\" data-block-id=\"6\">\n<p class=\"content-text__container \" style=\"text-align: justify;\" data-track-category=\"Link no Texto\" data-track-links=\"\">O ve\u00edculo localizado foi entregue diretamente ao seu propriet\u00e1rio.<\/p>\n<p style=\"text-align: justify;\" data-track-category=\"Link no Texto\" data-track-links=\"\">Fonte: G1<\/p>\n<\/div>\n<\/div>\n","protected":false},"excerpt":{"rendered":"<p>Ve\u00edculo estava em \u00c1lvares Machado quando foi subtra\u00eddo. Propriet\u00e1rio avisou a corpora\u00e7\u00e3o, que o localizou j\u00e1 em Parapu\u00e3. A Pol\u00edcia Militar Rodovi\u00e1ria recuperou, nesta quinta-feira (26), um caminh\u00e3o que havia sido furtado momentos antes. O ve\u00edculo foi encontrado na Rodovia Assis Chateaubriand (SP-425), em\u00a0Parapu\u00e3 (SP). Os ladr\u00f5es fugiram. O propriet\u00e1rio de um caminh\u00e3o foi at\u00e9 [&hellip;]<\/p>\n","protected":false},"author":1,"featured_media":22213,"comment_status":"closed","ping_status":"open","sticky":false,"template":"","format":"standard","meta":{"footnotes":""},"categories":[110,2],"tags":[],"class_list":["post-22212","post","type-post","status-publish","format-standard","has-post-thumbnail","hentry","category-noticiasdestaque","category-policial"],"_links":{"self":[{"href":"https:\/\/jorgezanoni.com.br\/2019\/wp-json\/wp\/v2\/posts\/22212","targetHints":{"allow":["GET"]}}],"collection":[{"href":"https:\/\/jorgezanoni.com.br\/2019\/wp-json\/wp\/v2\/posts"}],"about":[{"href":"https:\/\/jorgezanoni.com.br\/2019\/wp-json\/wp\/v2\/types\/post"}],"author":[{"embeddable":true,"href":"https:\/\/jorgezanoni.com.br\/2019\/wp-json\/wp\/v2\/users\/1"}],"replies":[{"embeddable":true,"href":"https:\/\/jorgezanoni.com.br\/2019\/wp-json\/wp\/v2\/comments?post=22212"}],"version-history":[{"count":0,"href":"https:\/\/jorgezanoni.com.br\/2019\/wp-json\/wp\/v2\/posts\/22212\/revisions"}],"wp:featuredmedia":[{"embeddable":true,"href":"https:\/\/jorgezanoni.com.br\/2019\/wp-json\/wp\/v2\/media\/22213"}],"wp:attachment":[{"href":"https:\/\/jorgezanoni.com.br\/2019\/wp-json\/wp\/v2\/media?parent=22212"}],"wp:term":[{"taxonomy":"category","embeddable":true,"href":"https:\/\/jorgezanoni.com.br\/2019\/wp-json\/wp\/v2\/categories?post=22212"},{"taxonomy":"post_tag","embeddable":true,"href":"https:\/\/jorgezanoni.com.br\/2019\/wp-json\/wp\/v2\/tags?post=22212"}],"curies":[{"name":"wp","href":"https:\/\/api.w.org\/{rel}","templated":true}]}}