{"id":22209,"date":"2020-03-26T19:39:22","date_gmt":"2020-03-26T19:39:22","guid":{"rendered":"https:\/\/jorgezanoni.com.br\/2019\/?p=22209"},"modified":"2020-03-26T19:39:22","modified_gmt":"2020-03-26T19:39:22","slug":"entidade-que-representa-municipios-da-regiao-de-presidente-prudente-propoe-isencao-de-pedagios-em-razao-do-coronavirus","status":"publish","type":"post","link":"https:\/\/jorgezanoni.com.br\/2019\/entidade-que-representa-municipios-da-regiao-de-presidente-prudente-propoe-isencao-de-pedagios-em-razao-do-coronavirus\/","title":{"rendered":"Entidade que representa munic\u00edpios da regi\u00e3o de Presidente Prudente prop\u00f5e isen\u00e7\u00e3o de ped\u00e1gios em raz\u00e3o do coronav\u00edrus"},"content":{"rendered":"<h2 class=\"content-head__subtitle\" style=\"text-align: justify;\"><strong>Pedido da Unipontal foi encaminhado \u00e0 Ag\u00eancia de Transporte do Estado de S\u00e3o Paulo (Artesp).<\/strong><\/h2>\n<div class=\"mc-column content-text active-extra-styles \" data-block-type=\"unstyled\" data-block-weight=\"37\" data-block-id=\"2\">\n<p class=\"content-text__container \" style=\"text-align: justify;\" data-track-category=\"Link no Texto\" data-track-links=\"\">A Uni\u00e3o dos Munic\u00edpios do Pontal do Paranapanema (Unipontal) apresentou \u00e0 Ag\u00eancia de Transporte do Estado de S\u00e3o Paulo (Artesp) uma proposta de isen\u00e7\u00e3o de ped\u00e1gios durante a quarentena de preven\u00e7\u00e3o aos impactos da pandemia do coronav\u00edrus.<\/p>\n<\/div>\n<div class=\"wall protected-content\">\n<div class=\"mc-column content-text active-extra-styles \" style=\"text-align: justify;\" data-block-type=\"unstyled\" data-block-weight=\"39\" data-block-id=\"3\">\n<p class=\"content-text__container \" data-track-category=\"Link no Texto\" data-track-links=\"\">O presidente da entidade, Jorge Duran Gon\u00e7alez (PSD), que \u00e9 prefeito de\u00a0<a href=\"https:\/\/g1.globo.com\/sp\/presidente-prudente-regiao\/cidade\/presidente-venceslau\/\">Presidente Venceslau (SP)<\/a>, justificou que as rodovias est\u00e3o sendo utilizadas por caminhoneiros para transportar alimentos, combust\u00edveis e medicamentos, bem como por pessoas \u00e0 procura de tratamento m\u00e9dico.<\/p>\n<\/div>\n<div class=\"mc-column content-text active-extra-styles \" style=\"text-align: justify;\" data-block-type=\"unstyled\" data-block-weight=\"28\" data-block-id=\"4\">\n<p class=\"content-text__container \" data-track-category=\"Link no Texto\" data-track-links=\"\">\u201cDiante da fragilidade da economia, seria muito importante que as pra\u00e7as de ped\u00e1gios isentassem quem est\u00e1 necessitando se locomover pelas rodovias do Estado de S\u00e3o Paulo\u201d, fundamentou Gon\u00e7alez.<\/p>\n<\/div>\n<div class=\"mc-column content-text active-extra-styles \" style=\"text-align: justify;\" data-block-type=\"unstyled\" data-block-weight=\"15\" data-block-id=\"5\">\n<p class=\"content-text__container \" data-track-category=\"Link no Texto\" data-track-links=\"\">O pedido foi feito atrav\u00e9s de of\u00edcio endere\u00e7ado \u00e0 diretora-geral da Artesp, Renata Perez Dantas.<\/p>\n<\/div>\n<div class=\"mc-column content-text active-extra-styles \" style=\"text-align: justify;\" data-block-type=\"unstyled\" data-block-weight=\"47\" data-block-id=\"6\">\n<p class=\"content-text__container \" data-track-category=\"Link no Texto\" data-track-links=\"\">A Unipontal re\u00fane representantes das prefeituras de 32 munic\u00edpios da regi\u00e3o de\u00a0<a href=\"https:\/\/g1.globo.com\/sp\/presidente-prudente-regiao\/cidade\/presidente-prudente\/\">Presidente Prudente (SP)<\/a>, uma \u00e1rea do Estado de S\u00e3o Paulo onde existem em opera\u00e7\u00e3o quatro pra\u00e7as de ped\u00e1gios, todas na Rodovia Raposo Tavares (SP-270) e administradas pela Concession\u00e1ria Auto Raposo Tavares (Cart), nas cidades de:<\/p>\n<\/div>\n<div class=\"mc-column content-text active-extra-styles\" style=\"text-align: justify;\" data-block-type=\"raw\" data-block-weight=\"11\" data-block-id=\"7\">\n<ul class=\"content-unordered-list\">\n<li><a href=\"https:\/\/g1.globo.com\/sp\/presidente-prudente-regiao\/cidade\/caiua\/\">Caiu\u00e1 (SP)<\/a>;<\/li>\n<li><a href=\"https:\/\/g1.globo.com\/sp\/presidente-prudente-regiao\/cidade\/presidente-bernardes-sp\/\">Presidente Bernardes (SP)<\/a>;<\/li>\n<li><a href=\"https:\/\/g1.globo.com\/sp\/presidente-prudente-regiao\/cidade\/rancharia\/\">Rancharia (SP)<\/a>; e<\/li>\n<li><a href=\"https:\/\/g1.globo.com\/sp\/presidente-prudente-regiao\/cidade\/regente-feijo\/\">Regente Feij\u00f3 (SP)<\/a>.<\/li>\n<\/ul>\n<\/div>\n<div class=\"mc-column content-text active-extra-styles \" style=\"text-align: justify;\" data-block-type=\"unstyled\" data-block-weight=\"24\" data-block-id=\"8\">\n<p class=\"content-text__container \" data-track-category=\"Link no Texto\" data-track-links=\"\">Em nota ao\u00a0<strong>G1<\/strong>, a Artesp informou nesta quinta-feira (26) que &#8220;n\u00e3o h\u00e1 previs\u00e3o nos contratos de concess\u00e3o de isen\u00e7\u00e3o da tarifa dos ped\u00e1gios&#8221;.<\/p>\n<\/div>\n<div class=\"content-ads content-ads--reveal\" style=\"text-align: justify;\" data-block-type=\"ads\" data-block-id=\"9\"><\/div>\n<div class=\"mc-column content-text active-extra-styles \" style=\"text-align: justify;\" data-block-type=\"unstyled\" data-block-weight=\"44\" data-block-id=\"10\">\n<p class=\"content-text__container \" data-track-category=\"Link no Texto\" data-track-links=\"\">&#8220;A tarifa de ped\u00e1gio \u00e9 o principal recurso para manter o atendimento ao usu\u00e1rio como guinchos, socorro mec\u00e2nico, socorro m\u00e9dico, ambul\u00e2ncia, monitoramento da rodovia por c\u00e2meras, manuten\u00e7\u00e3o do pavimento e sinaliza\u00e7\u00e3o, al\u00e9m dos investimentos em obras previstos no contrato de concess\u00e3o&#8221;, salientou a ag\u00eancia.<\/p>\n<\/div>\n<div class=\"mc-column content-text active-extra-styles \" style=\"text-align: justify;\" data-block-type=\"unstyled\" data-block-weight=\"36\" data-block-id=\"11\">\n<p class=\"content-text__container \" data-track-category=\"Link no Texto\" data-track-links=\"\">&#8220;E, mesmo com o atual cen\u00e1rio de queda de tr\u00e1fego nas rodovias, os contratos de concess\u00e3o determinam que esses servi\u00e7os sejam mantidos sem redu\u00e7\u00e3o dos \u00edndices de qualidade estipulados em edital&#8221;, concluiu a Artesp ao\u00a0<strong>G1<\/strong>.<\/p>\n<\/div>\n<div class=\"mc-column content-text active-extra-styles \" style=\"text-align: justify;\" data-block-type=\"unstyled\" data-block-weight=\"30\" data-block-id=\"12\">\n<p class=\"content-text__container \" data-track-category=\"Link no Texto\" data-track-links=\"\">Tamb\u00e9m em nota ao\u00a0<strong>G1<\/strong>\u00a0nesta quinta-feira (26), a Cart pontuou que tratativas sobre o assunto mencionado pela reportagem dever\u00e3o ser direcionadas para o \u00f3rg\u00e3o regulador, que \u00e9 a Artesp.<\/p>\n<\/div>\n<div class=\"mc-column content-text active-extra-styles \" data-block-type=\"unstyled\" data-block-weight=\"26\" data-block-id=\"13\">\n<p class=\"content-text__container \" style=\"text-align: justify;\" data-track-category=\"Link no Texto\" data-track-links=\"\">O\u00a0<strong>G1\u00a0<\/strong>ainda solicitou posicionamento oficial da Associa\u00e7\u00e3o Brasileira de Concession\u00e1rias de Rodovias (ABCR) sobre o assunto, mas n\u00e3o obteve resposta at\u00e9 o momento desta publica\u00e7\u00e3o.<\/p>\n<p data-track-category=\"Link no Texto\" data-track-links=\"\">Fonte: G1<\/p>\n<\/div>\n<\/div>\n","protected":false},"excerpt":{"rendered":"<p>Pedido da Unipontal foi encaminhado \u00e0 Ag\u00eancia de Transporte do Estado de S\u00e3o Paulo (Artesp). A Uni\u00e3o dos Munic\u00edpios do Pontal do Paranapanema (Unipontal) apresentou \u00e0 Ag\u00eancia de Transporte do Estado de S\u00e3o Paulo (Artesp) uma proposta de isen\u00e7\u00e3o de ped\u00e1gios durante a quarentena de preven\u00e7\u00e3o aos impactos da pandemia do coronav\u00edrus. O presidente da [&hellip;]<\/p>\n","protected":false},"author":1,"featured_media":22210,"comment_status":"closed","ping_status":"open","sticky":false,"template":"","format":"standard","meta":{"footnotes":""},"categories":[180,110],"tags":[],"class_list":["post-22209","post","type-post","status-publish","format-standard","has-post-thumbnail","hentry","category-estradastransitoveiculos","category-noticiasdestaque"],"_links":{"self":[{"href":"https:\/\/jorgezanoni.com.br\/2019\/wp-json\/wp\/v2\/posts\/22209","targetHints":{"allow":["GET"]}}],"collection":[{"href":"https:\/\/jorgezanoni.com.br\/2019\/wp-json\/wp\/v2\/posts"}],"about":[{"href":"https:\/\/jorgezanoni.com.br\/2019\/wp-json\/wp\/v2\/types\/post"}],"author":[{"embeddable":true,"href":"https:\/\/jorgezanoni.com.br\/2019\/wp-json\/wp\/v2\/users\/1"}],"replies":[{"embeddable":true,"href":"https:\/\/jorgezanoni.com.br\/2019\/wp-json\/wp\/v2\/comments?post=22209"}],"version-history":[{"count":0,"href":"https:\/\/jorgezanoni.com.br\/2019\/wp-json\/wp\/v2\/posts\/22209\/revisions"}],"wp:featuredmedia":[{"embeddable":true,"href":"https:\/\/jorgezanoni.com.br\/2019\/wp-json\/wp\/v2\/media\/22210"}],"wp:attachment":[{"href":"https:\/\/jorgezanoni.com.br\/2019\/wp-json\/wp\/v2\/media?parent=22209"}],"wp:term":[{"taxonomy":"category","embeddable":true,"href":"https:\/\/jorgezanoni.com.br\/2019\/wp-json\/wp\/v2\/categories?post=22209"},{"taxonomy":"post_tag","embeddable":true,"href":"https:\/\/jorgezanoni.com.br\/2019\/wp-json\/wp\/v2\/tags?post=22209"}],"curies":[{"name":"wp","href":"https:\/\/api.w.org\/{rel}","templated":true}]}}