{"id":22178,"date":"2020-03-26T00:31:05","date_gmt":"2020-03-26T00:31:05","guid":{"rendered":"https:\/\/jorgezanoni.com.br\/2019\/?p=22178"},"modified":"2020-03-26T00:31:05","modified_gmt":"2020-03-26T00:31:05","slug":"hospital-albert-einstein-quer-contratar-599-enfermeiros-para-atuar-no-hospital-de-campanha-no-estadio-do-pacaembu","status":"publish","type":"post","link":"https:\/\/jorgezanoni.com.br\/2019\/hospital-albert-einstein-quer-contratar-599-enfermeiros-para-atuar-no-hospital-de-campanha-no-estadio-do-pacaembu\/","title":{"rendered":"Hospital Albert Einstein quer contratar 599 enfermeiros para atuar no hospital de campanha no Est\u00e1dio do Pacaembu"},"content":{"rendered":"<h2 class=\"content-head__subtitle\" style=\"text-align: justify;\"><strong>Ao todo, a categoria vai somar 42% das 1.426 vagas disponibilizadas para profissionais da sa\u00fade. Eles ir\u00e3o refor\u00e7ar a equipe m\u00e9dica na atua\u00e7\u00e3o contra a pandemia do novo coronav\u00edrus em S\u00e3o Paulo.<\/strong><\/h2>\n<div class=\"mc-column content-text active-extra-styles \" data-block-type=\"unstyled\" data-block-weight=\"52\" data-block-id=\"2\">\n<p class=\"content-text__container \" style=\"text-align: justify;\" data-track-category=\"Link no Texto\" data-track-links=\"\">O Hospital Albert Einstein informou que vai contratar cerca de 599 enfermeiros para trabalhar no\u00a0<a href=\"https:\/\/g1.globo.com\/sp\/sao-paulo\/noticia\/2020\/03\/22\/comeca-construcao-no-estadio-do-pacaembu-de-hospital-de-campanha-com-leitos-para-pacientes-com-coronavirus.ghtml\">Hospital de campanha no Pacaembu<\/a>. Ao todo, a categoria vai somar 42% das 1.426 vagas disponibilizadas para profissionais da sa\u00fade. Eles ir\u00e3o refor\u00e7ar a equipe m\u00e9dica na atua\u00e7\u00e3o contra a pandemia do novo coronav\u00edrus em S\u00e3o Paulo.<\/p>\n<\/div>\n<div class=\"wall protected-content\">\n<div class=\"mc-column content-text active-extra-styles \" style=\"text-align: justify;\" data-block-type=\"unstyled\" data-block-weight=\"30\" data-block-id=\"3\">\n<p class=\"content-text__container \" data-track-category=\"Link no Texto\" data-track-links=\"\">Segundo o hospital, tamb\u00e9m ser\u00e3o contratados m\u00e9dicos, fisioterapeutas, nutricionistas, farmac\u00eauticos, auxiliar de farm\u00e1cia, psic\u00f3logos, t\u00e9cnicos de raio-x, profissionais de apoio, como assistente de atendimento, cozinheiro, auxiliar de cozinha e camareiro.<\/p>\n<\/div>\n<div class=\"mc-column content-text active-extra-styles \" style=\"text-align: justify;\" data-block-type=\"unstyled\" data-block-weight=\"19\" data-block-id=\"4\">\n<p class=\"content-text__container \" data-track-category=\"Link no Texto\" data-track-links=\"\">Os contratos ter\u00e3o dura\u00e7\u00e3o inicial de tr\u00eas meses, com possibilidade de prorroga\u00e7\u00e3o. As inscri\u00e7\u00f5es podem ser feitas<a href=\"https:\/\/www.einstein.br\/carreiras\" target=\"_blank\" rel=\"noopener noreferrer\">\u00a0aqui<\/a>.<\/p>\n<\/div>\n<div class=\"mc-column content-text active-extra-styles \" style=\"text-align: justify;\" data-block-type=\"unstyled\" data-block-weight=\"28\" data-block-id=\"5\">\n<p class=\"content-text__container \" data-track-category=\"Link no Texto\" data-track-links=\"\">O Einstein ser\u00e1 respons\u00e1vel pela gest\u00e3o e opera\u00e7\u00e3o do hospital de campanha no Pacaembu. O espa\u00e7o ter\u00e1 equipamentos e insumos, al\u00e9m de profissionais para atender os pacientes.<\/p>\n<\/div>\n<div class=\"mc-column content-text active-extra-styles \" style=\"text-align: justify;\" data-block-type=\"unstyled\" data-block-weight=\"42\" data-block-id=\"6\">\n<p class=\"content-text__container \" data-track-category=\"Link no Texto\" data-track-links=\"\">Paralelamente ao espa\u00e7o no est\u00e1dio, a administra\u00e7\u00e3o do\u00a0<strong>Einstein est\u00e1 montando outro hospital de campanha<\/strong>, desta vez no terreno do<strong>\u00a0pr\u00f3prio estacionamento<\/strong>. O espa\u00e7o ter\u00e1 31 leitos destinados a pacientes do Einstein que precisam de interna\u00e7\u00e3o com cuidados de baixa complexidade.<\/p>\n<\/div>\n<div class=\"mc-column content-text active-extra-styles \" style=\"text-align: justify;\" data-block-type=\"unstyled\" data-block-weight=\"69\" data-block-id=\"7\">\n<p class=\"content-text__container \" data-track-category=\"Link no Texto\" data-track-links=\"\">Em nota, o Einstein informou que a &#8220;estrutura ser\u00e1 voltada ao atendimento de pacientes referenciados pela rede p\u00fablica, ou seja, basicamente pacientes que passaram pelas Unidades B\u00e1sicas de Sa\u00fade do SUS e que precisam de interna\u00e7\u00e3o com cuidados de baixa complexidade. Com isso, o objetivo \u00e9 atender \u00e0 demanda por atendimento de baixa complexidade, de forma a liberar vagas para atendimentos de maior complexidade nas unidades de sa\u00fade tradicionais.&#8221;<\/p>\n<\/div>\n<div class=\"mc-column content-text active-extra-styles\" style=\"text-align: justify;\" data-block-type=\"raw\" data-block-weight=\"5\" data-block-id=\"9\">\n<div class=\"content-intertitle\">\n<h2>Tenda de 6,3 mil m\u00b2<\/h2>\n<\/div>\n<\/div>\n<div class=\"mc-column content-text active-extra-styles \" style=\"text-align: justify;\" data-block-type=\"unstyled\" data-block-weight=\"31\" data-block-id=\"10\">\n<p class=\"content-text__container \" data-track-category=\"Link no Texto\" data-track-links=\"\">A constru\u00e7\u00e3o do hospital de campanha decorre da formaliza\u00e7\u00e3o de uma parceria entre o Allegra Pacaembu, que adquiriu a concess\u00e3o para a explora\u00e7\u00e3o do est\u00e1dio e do complexo, com a Prefeitura.<\/p>\n<\/div>\n<div class=\"mc-column content-text active-extra-styles \" style=\"text-align: justify;\" data-block-type=\"unstyled\" data-block-weight=\"25\" data-block-id=\"11\">\n<p class=\"content-text__container \" data-track-category=\"Link no Texto\" data-track-links=\"\">A tenda de 6,3 mil m\u00b2 est\u00e1 sendo erguida por 80 funcion\u00e1rios e a previs\u00e3o \u00e9 de que a obra termine em at\u00e9 10 dias.<\/p>\n<\/div>\n<div class=\"mc-column content-text active-extra-styles \" style=\"text-align: justify;\" data-block-type=\"unstyled\" data-block-weight=\"42\" data-block-id=\"12\">\n<p class=\"content-text__container \" data-track-category=\"Link no Texto\" data-track-links=\"\">egundo a Prefeitura de S\u00e3o Paulo, mais 1.800 leitos ser\u00e3o colocados no Complexo do Anhembi, na Zona Norte da capital, onde fica localizado o samb\u00f3dromo. No total, os dois locais abrigar\u00e3o 2.200 leitos para receber pacientes com coronav\u00edrus de baixa complexidade hospitalar.<\/p>\n<\/div>\n<div class=\"mc-column content-text active-extra-styles \" style=\"text-align: justify;\" data-block-type=\"unstyled\" data-block-weight=\"32\" data-block-id=\"13\">\n<p class=\"content-text__container \" data-track-category=\"Link no Texto\" data-track-links=\"\">Os pacientes que ter\u00e3o vagas em leitos nestes locais ser\u00e3o definidos pela Secretaria Municipal de Sa\u00fade, ap\u00f3s terem passado por outros hospitais ou unidades b\u00e1sicas de sa\u00fade, onde ser\u00e1 feita uma triagem.<\/p>\n<\/div>\n<div class=\"mc-column content-text active-extra-styles \" style=\"text-align: justify;\" data-block-type=\"unstyled\" data-block-weight=\"31\" data-block-id=\"14\">\n<p class=\"content-text__container \" data-track-category=\"Link no Texto\" data-track-links=\"\">Segundo a Prefeitura, a Allegra Pacaembu tem dentre suas s\u00f3cias a Progen, uma empresa com experi\u00eancia em montagem de estruturas provis\u00f3rias e tamb\u00e9m na constru\u00e7\u00e3o de hospitais de campanha com tendas.<\/p>\n<\/div>\n<div class=\"mc-column content-text active-extra-styles \" data-block-type=\"unstyled\" data-block-weight=\"20\" data-block-id=\"15\">\n<p class=\"content-text__container \" style=\"text-align: justify;\" data-track-category=\"Link no Texto\" data-track-links=\"\">O Complexo do Pacaembu estar\u00e1 fechado para o p\u00fablico em geral e para a pr\u00e1tica esportiva durante toda essa opera\u00e7\u00e3o.<\/p>\n<p style=\"text-align: justify;\">https:\/\/g1.globo.com\/sp\/sao-paulo\/noticia\/2020\/03\/25\/hospital-albert-einstein-quer-contratar-599-enfermeiros-para-atuarem-no-hospital-de-campanha-no-pacaembu.ghtml<\/p>\n<\/div>\n<\/div>\n","protected":false},"excerpt":{"rendered":"<p>Ao todo, a categoria vai somar 42% das 1.426 vagas disponibilizadas para profissionais da sa\u00fade. Eles ir\u00e3o refor\u00e7ar a equipe m\u00e9dica na atua\u00e7\u00e3o contra a pandemia do novo coronav\u00edrus em S\u00e3o Paulo. O Hospital Albert Einstein informou que vai contratar cerca de 599 enfermeiros para trabalhar no\u00a0Hospital de campanha no Pacaembu. Ao todo, a categoria [&hellip;]<\/p>\n","protected":false},"author":1,"featured_media":22180,"comment_status":"closed","ping_status":"open","sticky":false,"template":"","format":"standard","meta":{"footnotes":""},"categories":[110,122],"tags":[],"class_list":["post-22178","post","type-post","status-publish","format-standard","has-post-thumbnail","hentry","category-noticiasdestaque","category-saudeeducacaoeconcurso"],"_links":{"self":[{"href":"https:\/\/jorgezanoni.com.br\/2019\/wp-json\/wp\/v2\/posts\/22178","targetHints":{"allow":["GET"]}}],"collection":[{"href":"https:\/\/jorgezanoni.com.br\/2019\/wp-json\/wp\/v2\/posts"}],"about":[{"href":"https:\/\/jorgezanoni.com.br\/2019\/wp-json\/wp\/v2\/types\/post"}],"author":[{"embeddable":true,"href":"https:\/\/jorgezanoni.com.br\/2019\/wp-json\/wp\/v2\/users\/1"}],"replies":[{"embeddable":true,"href":"https:\/\/jorgezanoni.com.br\/2019\/wp-json\/wp\/v2\/comments?post=22178"}],"version-history":[{"count":0,"href":"https:\/\/jorgezanoni.com.br\/2019\/wp-json\/wp\/v2\/posts\/22178\/revisions"}],"wp:featuredmedia":[{"embeddable":true,"href":"https:\/\/jorgezanoni.com.br\/2019\/wp-json\/wp\/v2\/media\/22180"}],"wp:attachment":[{"href":"https:\/\/jorgezanoni.com.br\/2019\/wp-json\/wp\/v2\/media?parent=22178"}],"wp:term":[{"taxonomy":"category","embeddable":true,"href":"https:\/\/jorgezanoni.com.br\/2019\/wp-json\/wp\/v2\/categories?post=22178"},{"taxonomy":"post_tag","embeddable":true,"href":"https:\/\/jorgezanoni.com.br\/2019\/wp-json\/wp\/v2\/tags?post=22178"}],"curies":[{"name":"wp","href":"https:\/\/api.w.org\/{rel}","templated":true}]}}