{"id":22168,"date":"2020-03-25T23:42:45","date_gmt":"2020-03-25T23:42:45","guid":{"rendered":"https:\/\/jorgezanoni.com.br\/2019\/?p=22168"},"modified":"2020-03-25T23:42:45","modified_gmt":"2020-03-25T23:42:45","slug":"fiscais-multam-estabelecimentos-flagrados-em-desrespeito-a-decreto-de-enfrentamento-do-coronavirus-em-dracena","status":"publish","type":"post","link":"https:\/\/jorgezanoni.com.br\/2019\/fiscais-multam-estabelecimentos-flagrados-em-desrespeito-a-decreto-de-enfrentamento-do-coronavirus-em-dracena\/","title":{"rendered":"Fiscais multam estabelecimentos flagrados em desrespeito a decreto de enfrentamento do coronav\u00edrus em Dracena"},"content":{"rendered":"<h2 class=\"content-head__subtitle\" style=\"text-align: justify;\"><strong>Agentes da Prefeitura encontraram clientes em consuma\u00e7\u00e3o nos locais, o que est\u00e1 proibido pelo Poder Executivo em decorr\u00eancia da pandemia.<\/strong><\/h2>\n<div class=\"mc-column content-text active-extra-styles \" data-block-type=\"unstyled\" data-block-weight=\"47\" data-block-id=\"2\">\n<p class=\"content-text__container \" style=\"text-align: justify;\" data-track-category=\"Link no Texto\" data-track-links=\"\">Com um novo decreto em vigor restringindo o funcionamento de estabelecimentos comerciais em decorr\u00eancia da pandemia do coronav\u00edrus, os fiscais da Prefeitura de\u00a0<a href=\"https:\/\/g1.globo.com\/sp\/presidente-prudente-regiao\/cidade\/dracena\/\">Dracena (SP)<\/a>, juntamente com agentes da Vigil\u00e2ncia Sanit\u00e1ria, sa\u00edram \u00e0s ruas do munic\u00edpio na noite desta segunda-feira (23) para conferir o cumprimento da determina\u00e7\u00e3o.<\/p>\n<\/div>\n<div class=\"wall protected-content\">\n<div class=\"mc-column content-text active-extra-styles \" style=\"text-align: justify;\" data-block-type=\"unstyled\" data-block-weight=\"47\" data-block-id=\"3\">\n<p class=\"content-text__container \" data-track-category=\"Link no Texto\" data-track-links=\"\">Ao todo, dez estabelecimentos comercias foram visitados e dois deles receberam multa no valor de R$ 1.028,65 por estarem servindo consuma\u00e7\u00e3o nos locais para clientes, o que est\u00e1 proibido de acordo com o decreto. Um dos estabelecimentos fica na regi\u00e3o central e o outro no Jardim Brasil\u00e2ndia.<\/p>\n<\/div>\n<div class=\"mc-column content-text active-extra-styles \" style=\"text-align: justify;\" data-block-type=\"unstyled\" data-block-weight=\"34\" data-block-id=\"4\">\n<p class=\"content-text__container \" data-track-category=\"Link no Texto\" data-track-links=\"\">A equipe de fiscais da Prefeitura est\u00e1 circulando pela cidade e, quando identifica o estabelecimento comercial aberto, entra para averiguar a situa\u00e7\u00e3o. Dos dez locais visitados, apenas um deles foi por motivo de den\u00fancia.<\/p>\n<\/div>\n<div class=\"mc-column content-text active-extra-styles \" style=\"text-align: justify;\" data-block-type=\"unstyled\" data-block-weight=\"36\" data-block-id=\"5\">\n<p class=\"content-text__container \" data-track-category=\"Link no Texto\" data-track-links=\"\">A Prefeitura reitera que a esmagadora maioria dos estabelecimentos comerciais est\u00e1 respeitando as normativas do decreto e que n\u00e3o \u00e9 de interesse do Poder Executivo a autua\u00e7\u00e3o das empresas, mas o momento exige sacrif\u00edcio e compreens\u00e3o.<\/p>\n<\/div>\n<div class=\"mc-column content-text active-extra-styles \" data-block-type=\"unstyled\" data-block-weight=\"26\" data-block-id=\"6\">\n<p class=\"content-text__container \" style=\"text-align: justify;\" data-track-category=\"Link no Texto\" data-track-links=\"\">Ainda segundo a Prefeitura, s\u00f3 ser\u00e3o multados aqueles que insistirem no descumprimento das determina\u00e7\u00f5es municipal e estadual restringindo o funcionamento em decorr\u00eancia da pandemia do coronav\u00edrus.<\/p>\n<p style=\"text-align: justify;\" data-track-category=\"Link no Texto\" data-track-links=\"\"><img loading=\"lazy\" decoding=\"async\" class=\"alignnone size-full wp-image-22169\" src=\"https:\/\/jorgezanoni.com.br\/2019\/wp-content\/uploads\/2020\/03\/fiscal1.jpeg\" alt=\"\" width=\"640\" height=\"513\" srcset=\"https:\/\/jorgezanoni.com.br\/2019\/wp-content\/uploads\/2020\/03\/fiscal1.jpeg 640w, https:\/\/jorgezanoni.com.br\/2019\/wp-content\/uploads\/2020\/03\/fiscal1-300x240.jpeg 300w, https:\/\/jorgezanoni.com.br\/2019\/wp-content\/uploads\/2020\/03\/fiscal1-524x420.jpeg 524w\" sizes=\"auto, (max-width: 640px) 100vw, 640px\" \/> <img loading=\"lazy\" decoding=\"async\" class=\"alignnone size-full wp-image-22170\" src=\"https:\/\/jorgezanoni.com.br\/2019\/wp-content\/uploads\/2020\/03\/Fiscal2.jpeg\" alt=\"\" width=\"640\" height=\"478\" srcset=\"https:\/\/jorgezanoni.com.br\/2019\/wp-content\/uploads\/2020\/03\/Fiscal2.jpeg 640w, https:\/\/jorgezanoni.com.br\/2019\/wp-content\/uploads\/2020\/03\/Fiscal2-300x224.jpeg 300w, https:\/\/jorgezanoni.com.br\/2019\/wp-content\/uploads\/2020\/03\/Fiscal2-80x60.jpeg 80w, https:\/\/jorgezanoni.com.br\/2019\/wp-content\/uploads\/2020\/03\/Fiscal2-265x198.jpeg 265w, https:\/\/jorgezanoni.com.br\/2019\/wp-content\/uploads\/2020\/03\/Fiscal2-562x420.jpeg 562w\" sizes=\"auto, (max-width: 640px) 100vw, 640px\" \/>Agentes municipais fiscalizam estabelecimentos comerciais em Dracena \u2014 Foto: Prefeitura\/Divulga\u00e7\u00e3o<\/p>\n<\/div>\n<\/div>\n","protected":false},"excerpt":{"rendered":"<p>Agentes da Prefeitura encontraram clientes em consuma\u00e7\u00e3o nos locais, o que est\u00e1 proibido pelo Poder Executivo em decorr\u00eancia da pandemia. Com um novo decreto em vigor restringindo o funcionamento de estabelecimentos comerciais em decorr\u00eancia da pandemia do coronav\u00edrus, os fiscais da Prefeitura de\u00a0Dracena (SP), juntamente com agentes da Vigil\u00e2ncia Sanit\u00e1ria, sa\u00edram \u00e0s ruas do munic\u00edpio [&hellip;]<\/p>\n","protected":false},"author":1,"featured_media":22171,"comment_status":"closed","ping_status":"open","sticky":false,"template":"","format":"standard","meta":{"footnotes":""},"categories":[179,184,110],"tags":[],"class_list":["post-22168","post","type-post","status-publish","format-standard","has-post-thumbnail","hentry","category-cidadeseregiao","category-dracena","category-noticiasdestaque"],"_links":{"self":[{"href":"https:\/\/jorgezanoni.com.br\/2019\/wp-json\/wp\/v2\/posts\/22168","targetHints":{"allow":["GET"]}}],"collection":[{"href":"https:\/\/jorgezanoni.com.br\/2019\/wp-json\/wp\/v2\/posts"}],"about":[{"href":"https:\/\/jorgezanoni.com.br\/2019\/wp-json\/wp\/v2\/types\/post"}],"author":[{"embeddable":true,"href":"https:\/\/jorgezanoni.com.br\/2019\/wp-json\/wp\/v2\/users\/1"}],"replies":[{"embeddable":true,"href":"https:\/\/jorgezanoni.com.br\/2019\/wp-json\/wp\/v2\/comments?post=22168"}],"version-history":[{"count":0,"href":"https:\/\/jorgezanoni.com.br\/2019\/wp-json\/wp\/v2\/posts\/22168\/revisions"}],"wp:featuredmedia":[{"embeddable":true,"href":"https:\/\/jorgezanoni.com.br\/2019\/wp-json\/wp\/v2\/media\/22171"}],"wp:attachment":[{"href":"https:\/\/jorgezanoni.com.br\/2019\/wp-json\/wp\/v2\/media?parent=22168"}],"wp:term":[{"taxonomy":"category","embeddable":true,"href":"https:\/\/jorgezanoni.com.br\/2019\/wp-json\/wp\/v2\/categories?post=22168"},{"taxonomy":"post_tag","embeddable":true,"href":"https:\/\/jorgezanoni.com.br\/2019\/wp-json\/wp\/v2\/tags?post=22168"}],"curies":[{"name":"wp","href":"https:\/\/api.w.org\/{rel}","templated":true}]}}