{"id":22162,"date":"2020-03-25T23:14:09","date_gmt":"2020-03-25T23:14:09","guid":{"rendered":"https:\/\/jorgezanoni.com.br\/2019\/?p=22162"},"modified":"2020-03-25T23:14:09","modified_gmt":"2020-03-25T23:14:09","slug":"cidades-da-regiao-de-presidente-prudente-abrem-vagas-para-concursos-publicos-e-processos-seletivos","status":"publish","type":"post","link":"https:\/\/jorgezanoni.com.br\/2019\/cidades-da-regiao-de-presidente-prudente-abrem-vagas-para-concursos-publicos-e-processos-seletivos\/","title":{"rendered":"Cidades da regi\u00e3o de Presidente Prudente abrem vagas para concursos p\u00fablicos e processos seletivos"},"content":{"rendered":"<h2 class=\"content-head__subtitle\" style=\"text-align: justify;\"><strong>As inscri\u00e7\u00f5es devem ser feitas pela internet, de acordo com o interesse do candidato pela oportunidade dispon\u00edvel.<\/strong><\/h2>\n<div class=\"mc-column content-text active-extra-styles \" data-block-type=\"unstyled\" data-block-weight=\"41\" data-block-id=\"2\">\n<p class=\"content-text__container \" style=\"text-align: justify;\" data-track-category=\"Link no Texto\" data-track-links=\"\">Concursos p\u00fablicos e processos seletivos est\u00e3o abertos em quatro cidades do Oeste Paulista. As inscri\u00e7\u00f5es devem ser feitas pela internet, de acordo com o interesse do candidato pela vaga dispon\u00edvel. A remunera\u00e7\u00e3o pode chegar a mais de R$ 2,8 mil.<\/p>\n<\/div>\n<div class=\"wall protected-content\">\n<div class=\"mc-column content-text active-extra-styles\" style=\"text-align: justify;\" data-block-type=\"raw\" data-block-weight=\"2\" data-block-id=\"3\">\n<div class=\"content-intertitle\">\n<h2>Alfredo Marcondes<\/h2>\n<\/div>\n<\/div>\n<div class=\"mc-column content-text active-extra-styles \" style=\"text-align: justify;\" data-block-type=\"unstyled\" data-block-weight=\"30\" data-block-id=\"4\">\n<p class=\"content-text__container \" data-track-category=\"Link no Texto\" data-track-links=\"\">A Prefeitura de\u00a0<a href=\"https:\/\/g1.globo.com\/sp\/presidente-prudente-regiao\/cidade\/alfredo-marcondes\/\">Alfredo Marcondes<\/a>, divulga concurso p\u00fablico e processo seletivo que visam a forma\u00e7\u00e3o de cadastro reserva de profissionais que tenham ensinos fundamental, m\u00e9dio e superior nas \u00e1reas exigidas.<\/p>\n<\/div>\n<div class=\"mc-column content-text active-extra-styles \" style=\"text-align: justify;\" data-block-type=\"unstyled\" data-block-weight=\"24\" data-block-id=\"5\">\n<p class=\"content-text__container \" data-track-category=\"Link no Texto\" data-track-links=\"\">Conforme o\u00a0<a href=\"https:\/\/www.consesp.com.br\/imagens_arquivos\/concursos\/arquivos\/3450_alfredomarcondes0012020.pdf\" target=\"_blank\" rel=\"noopener noreferrer\">edital<\/a>, h\u00e1 oportunidades dispon\u00edveis para os seguintes cargos: escritur\u00e1rio, operador de m\u00e1quinas, professor de ensino b\u00e1sico I, trabalhador bra\u00e7al, tratorista e vigilante.<\/p>\n<\/div>\n<div class=\"mc-column content-text active-extra-styles \" style=\"text-align: justify;\" data-block-type=\"unstyled\" data-block-weight=\"27\" data-block-id=\"6\">\n<p class=\"content-text__container \" data-track-category=\"Link no Texto\" data-track-links=\"\">Ainda segundo informa\u00e7\u00f5es do\u00a0<a href=\"https:\/\/www.consesp.com.br\/imagens_arquivos\/concursos\/arquivos\/3451_alfredomarcondes0012020processo.pdf\" target=\"_blank\" rel=\"noopener noreferrer\">edital<\/a>, tamb\u00e9m h\u00e1 vagas para os cargos de educador social, monitor de transporte escolar, professor de creche e professor de ensino b\u00e1sico I.<\/p>\n<\/div>\n<div class=\"mc-column content-text active-extra-styles \" style=\"text-align: justify;\" data-block-type=\"unstyled\" data-block-weight=\"23\" data-block-id=\"7\">\n<p class=\"content-text__container \" data-track-category=\"Link no Texto\" data-track-links=\"\">O sal\u00e1rio varia de R$ 1.045,00 a R$ 2.886,15 e a carga hor\u00e1ria a ser cumprida \u00e9 de 30 e 40 horas semanais.<\/p>\n<\/div>\n<div class=\"mc-column content-text active-extra-styles \" style=\"text-align: justify;\" data-block-type=\"unstyled\" data-block-weight=\"15\" data-block-id=\"8\">\n<p class=\"content-text__container \" data-track-category=\"Link no Texto\" data-track-links=\"\">Para o concurso, as inscri\u00e7\u00f5es ser\u00e3o recebidas at\u00e9 o dia 8 de abril pelo\u00a0<a href=\"https:\/\/www.consesp.com.br\/site\/index.php?pg=concursos\/inscrevasev&amp;cod_concurso=3450\" target=\"_blank\" rel=\"noopener noreferrer\">site<\/a>.<\/p>\n<\/div>\n<div class=\"mc-column content-text active-extra-styles \" style=\"text-align: justify;\" data-block-type=\"unstyled\" data-block-weight=\"18\" data-block-id=\"9\">\n<p class=\"content-text__container \" data-track-category=\"Link no Texto\" data-track-links=\"\">As inscri\u00e7\u00f5es para o processo seletivo tamb\u00e9m devem ser feitas at\u00e9 o dia 8 de abril pela\u00a0<a href=\"https:\/\/www.consesp.com.br\/site\/index.php?pg=concursos\/inscrevasev&amp;cod_concurso=3451\" target=\"_blank\" rel=\"noopener noreferrer\">internet<\/a>.<\/p>\n<\/div>\n<div class=\"mc-column content-text active-extra-styles\" style=\"text-align: justify;\" data-block-type=\"raw\" data-block-weight=\"1\" data-block-id=\"10\">\n<div class=\"content-intertitle\">\n<h2>Dracena<\/h2>\n<\/div>\n<\/div>\n<div class=\"mc-column content-text active-extra-styles \" style=\"text-align: justify;\" data-block-type=\"unstyled\" data-block-weight=\"38\" data-block-id=\"11\">\n<p class=\"content-text__container \" data-track-category=\"Link no Texto\" data-track-links=\"\">O Lar Beneficente S\u00e3 Doutrina Espiritual do S\u00e9timo Dia, em\u00a0<a href=\"https:\/\/g1.globo.com\/sp\/presidente-prudente-regiao\/cidade\/dracena\/\">Dracena<\/a>, torna p\u00fablica a realiza\u00e7\u00e3o do processo seletivo que visa o provimento de duas vagas mais forma\u00e7\u00e3o de cadastro reserva para profissionais de n\u00edveis fundamental, m\u00e9dio e superior.<\/p>\n<\/div>\n<div class=\"mc-column content-text active-extra-styles \" style=\"text-align: justify;\" data-block-type=\"unstyled\" data-block-weight=\"23\" data-block-id=\"13\">\n<p class=\"content-text__container \" data-track-category=\"Link no Texto\" data-track-links=\"\">Conforme o\u00a0<a href=\"https:\/\/www.consesp.com.br\/imagens_arquivos\/concursos\/arquivos\/3444_dracenalarsadoutrina0012020processo.pdf\" target=\"_blank\" rel=\"noopener noreferrer\">edital<\/a>, das vagas dispostas neste instrumento, encontram-se os seguintes cargos: auxiliar de enfermagem, auxiliar de limpeza (2), cozinheiro e enfermeiro (2).<\/p>\n<\/div>\n<div class=\"mc-column content-text active-extra-styles \" style=\"text-align: justify;\" data-block-type=\"unstyled\" data-block-weight=\"30\" data-block-id=\"14\">\n<p class=\"content-text__container \" data-track-category=\"Link no Texto\" data-track-links=\"\">Caso selecionado, o candidato deve exercer suas fun\u00e7\u00f5es em uma jornada de 40 a 44 horas semanais e receber uma remunera\u00e7\u00e3o mensal que varia de R$ 1.186,64 a R$ 1.901,24.<\/p>\n<\/div>\n<div class=\"mc-column content-text active-extra-styles \" style=\"text-align: justify;\" data-block-type=\"unstyled\" data-block-weight=\"13\" data-block-id=\"15\">\n<p class=\"content-text__container \" data-track-category=\"Link no Texto\" data-track-links=\"\">As inscri\u00e7\u00f5es devem ser realizadas no<a href=\"https:\/\/www.consesp.com.br\/site\/index.php?pg=concursos\/inscrevasev&amp;cod_concurso=3444\" target=\"_blank\" rel=\"noopener noreferrer\">\u00a0site\u00a0<\/a>at\u00e9 o dia 29 de mar\u00e7o.<\/p>\n<\/div>\n<div class=\"mc-column content-text active-extra-styles\" style=\"text-align: justify;\" data-block-type=\"raw\" data-block-weight=\"2\" data-block-id=\"16\">\n<div class=\"content-intertitle\">\n<h2>Presidente Epit\u00e1cio<\/h2>\n<\/div>\n<\/div>\n<div class=\"mc-column content-text active-extra-styles \" style=\"text-align: justify;\" data-block-type=\"unstyled\" data-block-weight=\"24\" data-block-id=\"17\">\n<p class=\"content-text__container \" data-track-category=\"Link no Texto\" data-track-links=\"\">A Prefeitura de\u00a0<a href=\"https:\/\/g1.globo.com\/sp\/presidente-prudente-regiao\/cidade\/presidente-epitacio\/\">Presidente Epit\u00e1cio<\/a>\u00a0torna p\u00fablica a realiza\u00e7\u00e3o de novo processo seletivo, que visa a admiss\u00e3o de profissionais de n\u00edveis m\u00e9dio e superior.<\/p>\n<\/div>\n<div class=\"mc-column content-text active-extra-styles \" style=\"text-align: justify;\" data-block-type=\"unstyled\" data-block-weight=\"39\" data-block-id=\"18\">\n<p class=\"content-text__container \" data-track-category=\"Link no Texto\" data-track-links=\"\">A sele\u00e7\u00e3o, conforme\u00a0<a href=\"https:\/\/www.unisisp.com.br\/imagens_arquivos\/concursos\/arquivos\/132_presidenteepitacio_ps_001_2020_edital.pdf\" target=\"_blank\" rel=\"noopener noreferrer\">edital<\/a>, busca formar cadastro reserva para os cargos de professor de educa\u00e7\u00e3o b\u00e1sica PEBI, pr\u00e9 e s\u00e9ries iniciais do ensino fundamental, professor de educa\u00e7\u00e3o b\u00e1sica e PEB II educa\u00e7\u00e3o f\u00edsica e Auxiliar de Desenvolvimento Infantil (ADI).<\/p>\n<\/div>\n<div class=\"mc-column content-text active-extra-styles \" style=\"text-align: justify;\" data-block-type=\"unstyled\" data-block-weight=\"22\" data-block-id=\"19\">\n<p class=\"content-text__container \" data-track-category=\"Link no Texto\" data-track-links=\"\">A carga hor\u00e1ria ser\u00e1 de 200 horas mensais, com remunera\u00e7\u00e3o que varia de R$ 9,42 por hora-aula a R$ 1.017,50 ao m\u00eas.<\/p>\n<\/div>\n<div class=\"mc-column content-text active-extra-styles \" style=\"text-align: justify;\" data-block-type=\"unstyled\" data-block-weight=\"13\" data-block-id=\"20\">\n<p class=\"content-text__container \" data-track-category=\"Link no Texto\" data-track-links=\"\">As inscri\u00e7\u00f5es devem ser realizadas at\u00e9 o dia 18 de mar\u00e7o pela\u00a0<a href=\"https:\/\/www.unisisp.com.br\/site\/index.php?pg=concursos\/inscrevasev&amp;cod_concurso=132\" target=\"_blank\" rel=\"noopener noreferrer\">internet<\/a>.<\/p>\n<\/div>\n<div class=\"mc-column content-text active-extra-styles\" style=\"text-align: justify;\" data-block-type=\"raw\" data-block-weight=\"5\" data-block-id=\"21\">\n<div class=\"content-intertitle\">\n<h2>S\u00e3o Jo\u00e3o do Pau d&#8217;Alho<\/h2>\n<\/div>\n<\/div>\n<div class=\"mc-column content-text active-extra-styles \" style=\"text-align: justify;\" data-block-type=\"unstyled\" data-block-weight=\"27\" data-block-id=\"22\">\n<p class=\"content-text__container \" data-track-category=\"Link no Texto\" data-track-links=\"\">Por meio de concurso p\u00fablico, a Prefeitura de\u00a0<a href=\"https:\/\/g1.globo.com\/sp\/presidente-prudente-regiao\/cidade\/sao-joao-do-pau-dalho\/\">S\u00e3o Jo\u00e3o do Pau d&#8217;Alho<\/a>, divulga vagas para profissionais que tenham ensinos fundamental, m\u00e9dio e superior nas \u00e1reas exigidas.<\/p>\n<\/div>\n<div class=\"mc-column content-text active-extra-styles \" style=\"text-align: justify;\" data-block-type=\"unstyled\" data-block-weight=\"44\" data-block-id=\"23\">\n<p class=\"content-text__container \" data-track-category=\"Link no Texto\" data-track-links=\"\">S\u00e3o 11 oportunidades distribu\u00eddas para os seguintes cargos, de acordo com o\u00a0<a href=\"https:\/\/www.consesp.com.br\/imagens_arquivos\/concursos\/arquivos\/3452_saojoaodopaudalho0012020.pdf\" target=\"_blank\" rel=\"noopener noreferrer\">edital<\/a>: ajudante geral (1), assistente social (1), auxiliar de creche (1), cozinheira (1), enfermeiro (1), escritur\u00e1rio (1), farmac\u00eautico (1), monitor de projetos sociais (1), motorista I (1), psic\u00f3logo (1), servente II (1).<\/p>\n<\/div>\n<div class=\"mc-column content-text active-extra-styles \" style=\"text-align: justify;\" data-block-type=\"unstyled\" data-block-weight=\"24\" data-block-id=\"24\">\n<p class=\"content-text__container \" data-track-category=\"Link no Texto\" data-track-links=\"\">O regime de trabalho a ser cumprido varia de 20 e 40 horas semanais e o sal\u00e1rio varia de R$ 1.187 a R$ 2.392,65.<\/p>\n<\/div>\n<div class=\"mc-column content-text active-extra-styles \" data-block-type=\"unstyled\" data-block-weight=\"13\" data-block-id=\"25\">\n<p class=\"content-text__container \" style=\"text-align: justify;\" data-track-category=\"Link no Texto\" data-track-links=\"\">Os interessados devem se inscrever via\u00a0<a href=\"https:\/\/www.consesp.com.br\/site\/index.php?pg=concursos\/inscrevasev&amp;cod_concurso=3452\" target=\"_blank\" rel=\"noopener noreferrer\">internet<\/a>\u00a0at\u00e9 o dia 8 de abril.<\/p>\n<p data-track-category=\"Link no Texto\" data-track-links=\"\">Fonte: G1<\/p>\n<\/div>\n<\/div>\n","protected":false},"excerpt":{"rendered":"<p>As inscri\u00e7\u00f5es devem ser feitas pela internet, de acordo com o interesse do candidato pela oportunidade dispon\u00edvel. Concursos p\u00fablicos e processos seletivos est\u00e3o abertos em quatro cidades do Oeste Paulista. As inscri\u00e7\u00f5es devem ser feitas pela internet, de acordo com o interesse do candidato pela vaga dispon\u00edvel. A remunera\u00e7\u00e3o pode chegar a mais de R$ [&hellip;]<\/p>\n","protected":false},"author":1,"featured_media":22163,"comment_status":"closed","ping_status":"open","sticky":false,"template":"","format":"standard","meta":{"footnotes":""},"categories":[122],"tags":[],"class_list":["post-22162","post","type-post","status-publish","format-standard","has-post-thumbnail","hentry","category-saudeeducacaoeconcurso"],"_links":{"self":[{"href":"https:\/\/jorgezanoni.com.br\/2019\/wp-json\/wp\/v2\/posts\/22162","targetHints":{"allow":["GET"]}}],"collection":[{"href":"https:\/\/jorgezanoni.com.br\/2019\/wp-json\/wp\/v2\/posts"}],"about":[{"href":"https:\/\/jorgezanoni.com.br\/2019\/wp-json\/wp\/v2\/types\/post"}],"author":[{"embeddable":true,"href":"https:\/\/jorgezanoni.com.br\/2019\/wp-json\/wp\/v2\/users\/1"}],"replies":[{"embeddable":true,"href":"https:\/\/jorgezanoni.com.br\/2019\/wp-json\/wp\/v2\/comments?post=22162"}],"version-history":[{"count":0,"href":"https:\/\/jorgezanoni.com.br\/2019\/wp-json\/wp\/v2\/posts\/22162\/revisions"}],"wp:featuredmedia":[{"embeddable":true,"href":"https:\/\/jorgezanoni.com.br\/2019\/wp-json\/wp\/v2\/media\/22163"}],"wp:attachment":[{"href":"https:\/\/jorgezanoni.com.br\/2019\/wp-json\/wp\/v2\/media?parent=22162"}],"wp:term":[{"taxonomy":"category","embeddable":true,"href":"https:\/\/jorgezanoni.com.br\/2019\/wp-json\/wp\/v2\/categories?post=22162"},{"taxonomy":"post_tag","embeddable":true,"href":"https:\/\/jorgezanoni.com.br\/2019\/wp-json\/wp\/v2\/tags?post=22162"}],"curies":[{"name":"wp","href":"https:\/\/api.w.org\/{rel}","templated":true}]}}