{"id":22159,"date":"2020-03-25T22:07:29","date_gmt":"2020-03-25T22:07:29","guid":{"rendered":"https:\/\/jorgezanoni.com.br\/2019\/?p=22159"},"modified":"2020-03-25T22:07:29","modified_gmt":"2020-03-25T22:07:29","slug":"aumento-de-precos-se-torna-mais-um-desafio-para-o-varejo-durante-a-quarentena","status":"publish","type":"post","link":"https:\/\/jorgezanoni.com.br\/2019\/aumento-de-precos-se-torna-mais-um-desafio-para-o-varejo-durante-a-quarentena\/","title":{"rendered":"Aumento de pre\u00e7os se torna mais um desafio para o varejo durante a quarentena"},"content":{"rendered":"<h2 class=\"noticia-chapeu\" style=\"text-align: justify;\"><strong>Empres\u00e1rios t\u00eam reportado a SA Varejo aumentos superiores a 50%, em alguns casos.<\/strong><\/h2>\n<p style=\"text-align: justify;\">Aumentos significativos nos pre\u00e7os de alguns produtos b\u00e1sicos t\u00eam sido reportados a\u00a0<em>SA Varejo<\/em>\u00a0por\u00a0supermercadistas de\u00a0todo o Brasil. Em muitos casos,\u00a0<strong>reclama\u00e7\u00f5es de consumidores se tornaram mais um problema<\/strong>\u00a0a ser resolvido em meio a tanto ac\u00famulo de trabalho com as vendas aquecidas por conta da preocupa\u00e7\u00e3o dos brasileiros com a pandemia.<\/p>\n<p style=\"text-align: justify;\">Uma das manifesta\u00e7\u00f5es oficiais a respeito dos aumentos\u00a0veio do Sicom\u00e9rcio, que citou em comunicado o &#8220;efeito cascata&#8221; gerado pela\u00a0<strong>alta repentina nas vendas.<\/strong>\u00a0Com base em informa\u00e7\u00f5es de consultores, fornecedores e varejistas,\u00a0<em>SA Varejo<\/em>\u00a0foi entender as\u00a0<strong>raz\u00f5es para os reajustes<\/strong>\u00a0observados nas \u00faltimas semanas em cinco categorias amplamente\u00a0consumidas no Brasil.<\/p>\n<h4 style=\"text-align: justify;\">Leite Longa Vida<\/h4>\n<p style=\"text-align: justify;\">De acordo com consultorias e associa\u00e7\u00f5es do setor, a produ\u00e7\u00e3o vinha em queda desde dezembro, aumentando os valores pagos pelas ind\u00fastrias aos produtores.\u00a0Com a alta s\u00fabita\u00a0da demanda, a busca pela mat\u00e9ria-prima cresceu ainda mais, pressionando custos\u00a0e disparando os pre\u00e7os ao consumidor. Dados do Sicom\u00e9rcio apontam que os pre\u00e7os subiram 54% nas \u00faltimas semanas.<\/p>\n<h4 style=\"text-align: justify;\">Feij\u00e3o<\/h4>\n<p style=\"text-align: justify;\">O item b\u00e1sico na mesa dos brasileiros est\u00e1 67% mais salgado, segundo o Sicom\u00e9rcio. Resultado de dois fatores conjuntos: crescimento expressivo da demanda nos \u00faltimos 10 dias e problemas com quebra de safra que j\u00e1 vinham ocorrendo no campo.<\/p>\n<h4 style=\"text-align: justify;\">Alho<\/h4>\n<p style=\"text-align: justify;\">Com forte depend\u00eancia das importa\u00e7\u00f5es \u2013 sobretudo da Argentina \u2013, o produto registra aumento de pre\u00e7os desde a disparada\u00a0do d\u00f3lar, cotado neste momento acima dos R$ 5. Restri\u00e7\u00f5es nas fronteiras, em raz\u00e3o da pandemia de Covid-19, tamb\u00e9m influencia os valores. Dados do\u00a0Sicom\u00e9rcio apontam que, em menos de 10 dias, a alta o foi de 45%.<\/p>\n<h4 style=\"text-align: justify;\">Batata<\/h4>\n<p style=\"text-align: justify;\">O produto teve o maior reajuste entre os\u00a0citados pelo Sicom\u00e9rcio, de\u00a090%,\u00a0associado\u00a0\u00e0 menor safra e a um per\u00edodo de muita chuva, que reduziu a oferta. Como nos demais casos, a maior procura em fun\u00e7\u00e3o da quarentena puxou para cima os valores praticados na ponta, como explica\u00a0a\u00a0<a href=\"https:\/\/www.pma.com\/global-pma\/brazil-pt\" target=\"_blank\" rel=\"noopener noreferrer\">Produce Marketing Association\u00a0<\/a>.<\/p>\n<h4 style=\"text-align: justify;\">Ovos<\/h4>\n<p style=\"text-align: justify;\">Essa prote\u00edna tamb\u00e9m apresenta movimento de alta. Desde o come\u00e7o de mar\u00e7o, subiu 12% nas granjas paulistas. De acordo com a\u00a0<a href=\"https:\/\/www.scotconsultoria.com.br\/\" target=\"_blank\" rel=\"noopener noreferrer\">Scot Consultoria\u00a0<\/a>, isso acontece, principalmente, em decorr\u00eancia da pandemia.<\/p>\n<h4 style=\"text-align: justify;\">Ind\u00fastria tem ajudado<\/h4>\n<p style=\"text-align: justify;\">Apesar dos problemas no in\u00edcio da cadeia, uma boa not\u00edcia \u00e9 que muitas ind\u00fastrias t\u00eam evitado reajustar seus produtos neste momento, inclusive absorvendo custos de insumos dolarizados.<\/p>\n<h4 style=\"text-align: justify;\">O que fazer no seu supermercado?<\/h4>\n<p style=\"text-align: justify;\">Uma iniciativa\u00a0para evitar desgaste na imagem junto aos clientes \u00e9 usar a comunica\u00e7\u00e3o visual nas se\u00e7\u00f5es\u00a0dos produtos com aumentos mais expressivos para avisar que houve forte reajuste por parte dos produtores das mat\u00e9rias-primas e tamb\u00e9m devido ao maior consumo e estocagem que muitos consumidores est\u00e3o fazendo. Pode ser uma deixa tamb\u00e9m para esclarecer a import\u00e2ncia do consumo consciente neste momento.<\/p>\n<p style=\"text-align: justify;\">Fonte: https:\/\/www.savarejo.com.br\/detalhe\/negocios\/aumento-de-precos-se-torna-mais-um-desafio-para-o-varejo-durante-a-quarentena<\/p>\n","protected":false},"excerpt":{"rendered":"<p>Empres\u00e1rios t\u00eam reportado a SA Varejo aumentos superiores a 50%, em alguns casos. Aumentos significativos nos pre\u00e7os de alguns produtos b\u00e1sicos t\u00eam sido reportados a\u00a0SA Varejo\u00a0por\u00a0supermercadistas de\u00a0todo o Brasil. Em muitos casos,\u00a0reclama\u00e7\u00f5es de consumidores se tornaram mais um problema\u00a0a ser resolvido em meio a tanto ac\u00famulo de trabalho com as vendas aquecidas por conta da [&hellip;]<\/p>\n","protected":false},"author":1,"featured_media":22160,"comment_status":"closed","ping_status":"open","sticky":false,"template":"","format":"standard","meta":{"footnotes":""},"categories":[110,116],"tags":[],"class_list":["post-22159","post","type-post","status-publish","format-standard","has-post-thumbnail","hentry","category-noticiasdestaque","category-politicaeeconomia"],"_links":{"self":[{"href":"https:\/\/jorgezanoni.com.br\/2019\/wp-json\/wp\/v2\/posts\/22159","targetHints":{"allow":["GET"]}}],"collection":[{"href":"https:\/\/jorgezanoni.com.br\/2019\/wp-json\/wp\/v2\/posts"}],"about":[{"href":"https:\/\/jorgezanoni.com.br\/2019\/wp-json\/wp\/v2\/types\/post"}],"author":[{"embeddable":true,"href":"https:\/\/jorgezanoni.com.br\/2019\/wp-json\/wp\/v2\/users\/1"}],"replies":[{"embeddable":true,"href":"https:\/\/jorgezanoni.com.br\/2019\/wp-json\/wp\/v2\/comments?post=22159"}],"version-history":[{"count":0,"href":"https:\/\/jorgezanoni.com.br\/2019\/wp-json\/wp\/v2\/posts\/22159\/revisions"}],"wp:featuredmedia":[{"embeddable":true,"href":"https:\/\/jorgezanoni.com.br\/2019\/wp-json\/wp\/v2\/media\/22160"}],"wp:attachment":[{"href":"https:\/\/jorgezanoni.com.br\/2019\/wp-json\/wp\/v2\/media?parent=22159"}],"wp:term":[{"taxonomy":"category","embeddable":true,"href":"https:\/\/jorgezanoni.com.br\/2019\/wp-json\/wp\/v2\/categories?post=22159"},{"taxonomy":"post_tag","embeddable":true,"href":"https:\/\/jorgezanoni.com.br\/2019\/wp-json\/wp\/v2\/tags?post=22159"}],"curies":[{"name":"wp","href":"https:\/\/api.w.org\/{rel}","templated":true}]}}