{"id":22156,"date":"2020-03-25T21:32:43","date_gmt":"2020-03-25T21:32:43","guid":{"rendered":"https:\/\/jorgezanoni.com.br\/2019\/?p=22156"},"modified":"2020-03-25T21:32:43","modified_gmt":"2020-03-25T21:32:43","slug":"homem-e-preso-por-trafico-de-drogas-no-jardim-bela-vista-em-dracena","status":"publish","type":"post","link":"https:\/\/jorgezanoni.com.br\/2019\/homem-e-preso-por-trafico-de-drogas-no-jardim-bela-vista-em-dracena\/","title":{"rendered":"Homem \u00e9 preso por Tr\u00e1fico de Drogas no jardim Bela Vista em Dracena"},"content":{"rendered":"<p>OCORR\u00caNCIA: FLAGRANTE TR\u00c1FICO DE DROGAS.<\/p>\n<p style=\"text-align: justify;\">IRRADIADO VIA COPOM ALERTA DE TR\u00c1FICO DE DROGAS AONDE DIUTURNAMENTE ESTARIA ACONTECENDO A COMERCIALIZA\u00c7\u00c3O DE ENTORPECENTES NO LOCAL.<br \/>\nVIATURAS SOB A SUPERVIS\u00c3O DO CGP 01 1\u00b0 SGT PM VITOR DESLOCOU-SE AO REFERIDO LOCAL SENDO UMA \u00c1REA VERDE (PASTO) NO FINAL DA RUA JOS\u00c9 PAVIM AO DESEMBARCARMOS DA VIATURA E REALIZAMOS A INCURS\u00c3O A P\u00c9 FOI LOCALIZADO UM INDIV\u00cdDUO QUE AO PERCEBER A PRESEN\u00c7A POLICIAL TENTOU EMPREENDER FUGA SENDO CONTIDO E ABORDADO, REALIZADO ABORDAGEM E NADA DE IL\u00cdCITO FOI ENCONTRADO COM ELE, POR\u00c9M PR\u00d3XIMO AO AUTOR FOI LOCALIZADO UM MA\u00c7O DE CIGARRO CONTENDO UMA POR\u00c7\u00c3O DE ENTORPECENTE &#8220;MACONHA&#8221; E CINCO POR\u00c7\u00d5ES DE ENTORPECENTE &#8220;CRACK&#8221; DENTRO DO MA\u00c7O DE CIGARRO AO SER INDAGADO A RESPEITO DO ENTORPECENTE AFIRMOU SER DE SUA PROPRIEDADE E NEGOU QUE ESTIVESSE PRATICANDO O TR\u00c1FICO.<br \/>\nDIANTE DOS FATOS FOI DADO VOZ DE PRIS\u00c3O AO AUTOR E CONDUZIDO AT\u00c9 O PLANT\u00c3O POLICIAL NO COMPARTIMENTO DE PRESO DA VIATURA SEM O USO DE ALGEMA.<br \/>\nPELO PLANT\u00c3O A AUTORIDADE POLICIAL PRESENTE TOMOU CI\u00caNCIA DOS FATOS E RATIFICOU A PRIS\u00c3O EM FLAGRANTE FICANDO O INDIV\u00cdDUO A DISPOSI\u00c7\u00c3O DA JUSTI\u00c7A.<\/p>\n<p style=\"text-align: justify;\">DATA: 25\/03\/2020 &#8211;\u00a0HORA: 17:20 &#8211; LOCAL: RUA JOS\u00c9 PAVIM (\u00c1REA VERDE) &#8211; BAIRRO: BELA VISTA &#8211; CIDADE: DRACENA.<\/p>\n<p style=\"text-align: justify;\">EQUIPE: CB MARCOS\/ CB MADUREIRA COM\u00a0APOIO: VTR 25105 CGP 01 1\u00b0 SGT PM VITOR\/ CB PM BRUNO\/ CB PM SUELI,\u00a0VTR 25107 CB PM AMADOR\/ SD PM CLAYTON<\/p>\n<p style=\"text-align: justify;\">\n<p style=\"text-align: justify;\">\n<p style=\"text-align: justify;\">\n<p style=\"text-align: justify;\">AUTOR: 51 ANOS SEXO MASCULINO<\/p>\n<p>*BOPM: 11842\/2020<\/p>\n<p>*BOPC: 425\/2020<\/p>\n","protected":false},"excerpt":{"rendered":"<p>OCORR\u00caNCIA: FLAGRANTE TR\u00c1FICO DE DROGAS. IRRADIADO VIA COPOM ALERTA DE TR\u00c1FICO DE DROGAS AONDE DIUTURNAMENTE ESTARIA ACONTECENDO A COMERCIALIZA\u00c7\u00c3O DE ENTORPECENTES NO LOCAL. VIATURAS SOB A SUPERVIS\u00c3O DO CGP 01 1\u00b0 SGT PM VITOR DESLOCOU-SE AO REFERIDO LOCAL SENDO UMA \u00c1REA VERDE (PASTO) NO FINAL DA RUA JOS\u00c9 PAVIM AO DESEMBARCARMOS DA VIATURA E REALIZAMOS [&hellip;]<\/p>\n","protected":false},"author":1,"featured_media":22157,"comment_status":"closed","ping_status":"open","sticky":false,"template":"","format":"standard","meta":{"footnotes":""},"categories":[2],"tags":[],"class_list":["post-22156","post","type-post","status-publish","format-standard","has-post-thumbnail","hentry","category-policial"],"_links":{"self":[{"href":"https:\/\/jorgezanoni.com.br\/2019\/wp-json\/wp\/v2\/posts\/22156","targetHints":{"allow":["GET"]}}],"collection":[{"href":"https:\/\/jorgezanoni.com.br\/2019\/wp-json\/wp\/v2\/posts"}],"about":[{"href":"https:\/\/jorgezanoni.com.br\/2019\/wp-json\/wp\/v2\/types\/post"}],"author":[{"embeddable":true,"href":"https:\/\/jorgezanoni.com.br\/2019\/wp-json\/wp\/v2\/users\/1"}],"replies":[{"embeddable":true,"href":"https:\/\/jorgezanoni.com.br\/2019\/wp-json\/wp\/v2\/comments?post=22156"}],"version-history":[{"count":0,"href":"https:\/\/jorgezanoni.com.br\/2019\/wp-json\/wp\/v2\/posts\/22156\/revisions"}],"wp:featuredmedia":[{"embeddable":true,"href":"https:\/\/jorgezanoni.com.br\/2019\/wp-json\/wp\/v2\/media\/22157"}],"wp:attachment":[{"href":"https:\/\/jorgezanoni.com.br\/2019\/wp-json\/wp\/v2\/media?parent=22156"}],"wp:term":[{"taxonomy":"category","embeddable":true,"href":"https:\/\/jorgezanoni.com.br\/2019\/wp-json\/wp\/v2\/categories?post=22156"},{"taxonomy":"post_tag","embeddable":true,"href":"https:\/\/jorgezanoni.com.br\/2019\/wp-json\/wp\/v2\/tags?post=22156"}],"curies":[{"name":"wp","href":"https:\/\/api.w.org\/{rel}","templated":true}]}}