{"id":22152,"date":"2020-03-25T21:14:32","date_gmt":"2020-03-25T21:14:32","guid":{"rendered":"https:\/\/jorgezanoni.com.br\/2019\/?p=22152"},"modified":"2020-03-25T21:15:05","modified_gmt":"2020-03-25T21:15:05","slug":"medica-geriatra-de-dracena-que-esta-trabalhando-em-brasilia-fala-sobre-o-covid-19","status":"publish","type":"post","link":"https:\/\/jorgezanoni.com.br\/2019\/medica-geriatra-de-dracena-que-esta-trabalhando-em-brasilia-fala-sobre-o-covid-19\/","title":{"rendered":"M\u00e9dica Geriatra de Dracena que est\u00e1 trabalhando em Bras\u00edlia, fala sobre o COVID-19"},"content":{"rendered":"<p style=\"text-align: justify;\">Um dos principais grupos de risco diante do COVID-19, os idosos merecem nossa aten\u00e7\u00e3o mais que especial.<\/p>\n<p style=\"text-align: justify;\">No v\u00eddeo de hoje, a geriatra Priscilla N. Ramos de Almeida, nascida<span class=\"text_exposed_show\"> em Dracena, mas atualmente trabalhando na cidade de Bras\u00edlia, nos fala um pouquinho de como cuidar daqueles que um dia cuidaram de n\u00f3s!<\/span><\/p>\n<p style=\"text-align: justify;\">Veja o V\u00eddeo:<\/p>\n<div id=\"fb-root\"><\/div>\n<p><script async=\"1\" defer=\"1\" crossorigin=\"anonymous\" src=\"https:\/\/connect.facebook.net\/en_US\/sdk.js#xfbml=1&amp;version=v6.0\"><\/script><\/p>\n<div class=\"fb-video\" data-href=\"https:\/\/www.facebook.com\/prefeituradracena\/videos\/2436863493292016\/\" data-width=\"696\">\n<blockquote cite=\"https:\/\/www.facebook.com\/prefeituradracena\/videos\/2436863493292016\/\" class=\"fb-xfbml-parse-ignore\"><p><a href=\"https:\/\/www.facebook.com\/prefeituradracena\/videos\/2436863493292016\/\"><\/a><\/p>\n<p>Um dos principais grupos de risco diante do COVID-19, os idosos merecem nossa aten\u00e7\u00e3o mais que especial. No v\u00eddeo de hoje, a geriatra Priscila Almeida, nascida em Dracena, mas atualmente trabalhando na cidade de Bras\u00edlia, nos fala um pouquinho de como cuidar daqueles que um dia cuidaram de n\u00f3s! Vamos conferir?<\/p>\n<p>Posted by <a href=\"https:\/\/www.facebook.com\/prefeituradracena\/\">Prefeitura de Dracena<\/a> on Wednesday, March 25, 2020<\/p><\/blockquote>\n<\/div>\n","protected":false},"excerpt":{"rendered":"<p>Um dos principais grupos de risco diante do COVID-19, os idosos merecem nossa aten\u00e7\u00e3o mais que especial. No v\u00eddeo de hoje, a geriatra Priscilla N. Ramos de Almeida, nascida em Dracena, mas atualmente trabalhando na cidade de Bras\u00edlia, nos fala um pouquinho de como cuidar daqueles que um dia cuidaram de n\u00f3s! Veja o V\u00eddeo: [&hellip;]<\/p>\n","protected":false},"author":1,"featured_media":22153,"comment_status":"closed","ping_status":"open","sticky":false,"template":"","format":"video","meta":{"footnotes":""},"categories":[169],"tags":[],"class_list":["post-22152","post","type-post","status-publish","format-video","has-post-thumbnail","hentry","category-videos","post_format-post-format-video"],"_links":{"self":[{"href":"https:\/\/jorgezanoni.com.br\/2019\/wp-json\/wp\/v2\/posts\/22152","targetHints":{"allow":["GET"]}}],"collection":[{"href":"https:\/\/jorgezanoni.com.br\/2019\/wp-json\/wp\/v2\/posts"}],"about":[{"href":"https:\/\/jorgezanoni.com.br\/2019\/wp-json\/wp\/v2\/types\/post"}],"author":[{"embeddable":true,"href":"https:\/\/jorgezanoni.com.br\/2019\/wp-json\/wp\/v2\/users\/1"}],"replies":[{"embeddable":true,"href":"https:\/\/jorgezanoni.com.br\/2019\/wp-json\/wp\/v2\/comments?post=22152"}],"version-history":[{"count":0,"href":"https:\/\/jorgezanoni.com.br\/2019\/wp-json\/wp\/v2\/posts\/22152\/revisions"}],"wp:featuredmedia":[{"embeddable":true,"href":"https:\/\/jorgezanoni.com.br\/2019\/wp-json\/wp\/v2\/media\/22153"}],"wp:attachment":[{"href":"https:\/\/jorgezanoni.com.br\/2019\/wp-json\/wp\/v2\/media?parent=22152"}],"wp:term":[{"taxonomy":"category","embeddable":true,"href":"https:\/\/jorgezanoni.com.br\/2019\/wp-json\/wp\/v2\/categories?post=22152"},{"taxonomy":"post_tag","embeddable":true,"href":"https:\/\/jorgezanoni.com.br\/2019\/wp-json\/wp\/v2\/tags?post=22152"}],"curies":[{"name":"wp","href":"https:\/\/api.w.org\/{rel}","templated":true}]}}