{"id":22140,"date":"2020-03-25T18:17:41","date_gmt":"2020-03-25T18:17:41","guid":{"rendered":"https:\/\/jorgezanoni.com.br\/2019\/?p=22140"},"modified":"2020-03-25T18:17:41","modified_gmt":"2020-03-25T18:17:41","slug":"sindicato-de-caminhoneiros-de-pacaembu-faz-dia-de-solidariedade","status":"publish","type":"post","link":"https:\/\/jorgezanoni.com.br\/2019\/sindicato-de-caminhoneiros-de-pacaembu-faz-dia-de-solidariedade\/","title":{"rendered":"Sindicato de Caminhoneiros de Pacaembu faz dia de solidariedade"},"content":{"rendered":"<p style=\"text-align: justify;\">O presidente do SINDICAM (Sindicato os Transportadores Rodovi\u00e1rios Aut\u00f4nomos de Bens e Cargas de Pacaembu e regi\u00e3o, com apoio da FETRABENS (Federa\u00e7\u00e3o dos Caminhonheiros Aut\u00f4nomos), est\u00e1 fornecendo marmitas para os caminhoneiros que estiverem passando pela regi\u00e3o e precisando desse apoio hoje (25). Se algu\u00e9m quiser colaborar, favor entrar em contato atrav\u00e9s do fone (18) 99664 4186 &#8211; Vanderli.<\/p>\n<p style=\"text-align: justify;\">Presidente do Sindicam &#8211; Gladston Barsalobre e Vice-presidente &#8211; Vanderli Correa Cota<\/p>\n<p>Imagem ilustrativa<\/p>\n<p>&nbsp;<\/p>\n","protected":false},"excerpt":{"rendered":"<p>O presidente do SINDICAM (Sindicato os Transportadores Rodovi\u00e1rios Aut\u00f4nomos de Bens e Cargas de Pacaembu e regi\u00e3o, com apoio da FETRABENS (Federa\u00e7\u00e3o dos Caminhonheiros Aut\u00f4nomos), est\u00e1 fornecendo marmitas para os caminhoneiros que estiverem passando pela regi\u00e3o e precisando desse apoio hoje (25). Se algu\u00e9m quiser colaborar, favor entrar em contato atrav\u00e9s do fone (18) 99664 [&hellip;]<\/p>\n","protected":false},"author":1,"featured_media":22141,"comment_status":"closed","ping_status":"open","sticky":false,"template":"","format":"standard","meta":{"footnotes":""},"categories":[180],"tags":[],"class_list":["post-22140","post","type-post","status-publish","format-standard","has-post-thumbnail","hentry","category-estradastransitoveiculos"],"_links":{"self":[{"href":"https:\/\/jorgezanoni.com.br\/2019\/wp-json\/wp\/v2\/posts\/22140","targetHints":{"allow":["GET"]}}],"collection":[{"href":"https:\/\/jorgezanoni.com.br\/2019\/wp-json\/wp\/v2\/posts"}],"about":[{"href":"https:\/\/jorgezanoni.com.br\/2019\/wp-json\/wp\/v2\/types\/post"}],"author":[{"embeddable":true,"href":"https:\/\/jorgezanoni.com.br\/2019\/wp-json\/wp\/v2\/users\/1"}],"replies":[{"embeddable":true,"href":"https:\/\/jorgezanoni.com.br\/2019\/wp-json\/wp\/v2\/comments?post=22140"}],"version-history":[{"count":0,"href":"https:\/\/jorgezanoni.com.br\/2019\/wp-json\/wp\/v2\/posts\/22140\/revisions"}],"wp:featuredmedia":[{"embeddable":true,"href":"https:\/\/jorgezanoni.com.br\/2019\/wp-json\/wp\/v2\/media\/22141"}],"wp:attachment":[{"href":"https:\/\/jorgezanoni.com.br\/2019\/wp-json\/wp\/v2\/media?parent=22140"}],"wp:term":[{"taxonomy":"category","embeddable":true,"href":"https:\/\/jorgezanoni.com.br\/2019\/wp-json\/wp\/v2\/categories?post=22140"},{"taxonomy":"post_tag","embeddable":true,"href":"https:\/\/jorgezanoni.com.br\/2019\/wp-json\/wp\/v2\/tags?post=22140"}],"curies":[{"name":"wp","href":"https:\/\/api.w.org\/{rel}","templated":true}]}}