{"id":22137,"date":"2020-03-25T18:01:38","date_gmt":"2020-03-25T18:01:38","guid":{"rendered":"https:\/\/jorgezanoni.com.br\/2019\/?p=22137"},"modified":"2020-03-25T18:01:38","modified_gmt":"2020-03-25T18:01:38","slug":"policia-civil-captura-e-prende-procurado-da-justica-em-dracena","status":"publish","type":"post","link":"https:\/\/jorgezanoni.com.br\/2019\/policia-civil-captura-e-prende-procurado-da-justica-em-dracena\/","title":{"rendered":"Pol\u00edcia Civil captura e prende procurado da Justi\u00e7a em Dracena"},"content":{"rendered":"<p style=\"text-align: justify;\"><strong>Em desfavor do procurado havia um mandado de pris\u00e3o por crime de furto, com condena\u00e7\u00e3o de um ano e quatro meses em regime fechado.<\/strong><\/p>\n<p style=\"text-align: justify;\">A Pol\u00edcia Civil, por interm\u00e9dio de policiais civis da unidade de Plant\u00e3o Policial Permanente de Dracena, prendeu na manh\u00e3 desta quarta-feira (25), um procurado da Justi\u00e7a, no bairro Jussara, em Dracena.<br \/>\nA equipe de policiais civis desenvolvia trabalho de investiga\u00e7\u00e3o na proximidade do bairro Jussara quando localizaram e prenderam o indiv\u00edduo procurado. Trata-se em um homem, 29 anos, que havia em seu desfavor um mandado pris\u00e3o por crime de furto, cuja senten\u00e7a determina a pris\u00e3o por um ano e quatro meses em regime fechado.<br \/>\nO homem foi conduzido, a sede do Plant\u00e3o Central de Dracena, para realiza\u00e7\u00e3o dos procedimentos de pol\u00edcia judici\u00e1ria, sendo posteriormente encaminhado para unidade prisional, ficando \u00e0 disposi\u00e7\u00e3o da Justi\u00e7a.<\/p>\n<p style=\"text-align: justify;\">Fonte: Com. Social Pol\u00edcia Civil<\/p>\n","protected":false},"excerpt":{"rendered":"<p>Em desfavor do procurado havia um mandado de pris\u00e3o por crime de furto, com condena\u00e7\u00e3o de um ano e quatro meses em regime fechado. A Pol\u00edcia Civil, por interm\u00e9dio de policiais civis da unidade de Plant\u00e3o Policial Permanente de Dracena, prendeu na manh\u00e3 desta quarta-feira (25), um procurado da Justi\u00e7a, no bairro Jussara, em Dracena. [&hellip;]<\/p>\n","protected":false},"author":1,"featured_media":22138,"comment_status":"closed","ping_status":"open","sticky":false,"template":"","format":"standard","meta":{"footnotes":""},"categories":[2],"tags":[],"class_list":["post-22137","post","type-post","status-publish","format-standard","has-post-thumbnail","hentry","category-policial"],"_links":{"self":[{"href":"https:\/\/jorgezanoni.com.br\/2019\/wp-json\/wp\/v2\/posts\/22137","targetHints":{"allow":["GET"]}}],"collection":[{"href":"https:\/\/jorgezanoni.com.br\/2019\/wp-json\/wp\/v2\/posts"}],"about":[{"href":"https:\/\/jorgezanoni.com.br\/2019\/wp-json\/wp\/v2\/types\/post"}],"author":[{"embeddable":true,"href":"https:\/\/jorgezanoni.com.br\/2019\/wp-json\/wp\/v2\/users\/1"}],"replies":[{"embeddable":true,"href":"https:\/\/jorgezanoni.com.br\/2019\/wp-json\/wp\/v2\/comments?post=22137"}],"version-history":[{"count":0,"href":"https:\/\/jorgezanoni.com.br\/2019\/wp-json\/wp\/v2\/posts\/22137\/revisions"}],"wp:featuredmedia":[{"embeddable":true,"href":"https:\/\/jorgezanoni.com.br\/2019\/wp-json\/wp\/v2\/media\/22138"}],"wp:attachment":[{"href":"https:\/\/jorgezanoni.com.br\/2019\/wp-json\/wp\/v2\/media?parent=22137"}],"wp:term":[{"taxonomy":"category","embeddable":true,"href":"https:\/\/jorgezanoni.com.br\/2019\/wp-json\/wp\/v2\/categories?post=22137"},{"taxonomy":"post_tag","embeddable":true,"href":"https:\/\/jorgezanoni.com.br\/2019\/wp-json\/wp\/v2\/tags?post=22137"}],"curies":[{"name":"wp","href":"https:\/\/api.w.org\/{rel}","templated":true}]}}