{"id":22131,"date":"2020-03-25T16:17:49","date_gmt":"2020-03-25T16:17:49","guid":{"rendered":"https:\/\/jorgezanoni.com.br\/2019\/?p=22131"},"modified":"2020-03-25T16:17:49","modified_gmt":"2020-03-25T16:17:49","slug":"deputado-mauro-bragato-vai-presidir-primeira-reuniao-virtual-na-historia-da-assembleia-de-sao-paulo","status":"publish","type":"post","link":"https:\/\/jorgezanoni.com.br\/2019\/deputado-mauro-bragato-vai-presidir-primeira-reuniao-virtual-na-historia-da-assembleia-de-sao-paulo\/","title":{"rendered":"Deputado Mauro Bragato vai presidir primeira reuni\u00e3o virtual na hist\u00f3ria da Assembleia de S\u00e3o Paulo"},"content":{"rendered":"<p style=\"text-align: justify;\">O deputado Mauro Bragato presidir\u00e1 a primeira reuni\u00e3o virtual da Comiss\u00e3o de Constitui\u00e7\u00e3o, Justi\u00e7a e Reda\u00e7\u00e3o da Assembleia Legislativa do Estado de S\u00e3o Paulo, nesta quinta-feira, 26\/03, \u00e0s 14h30. Os membros do colegiado v\u00e3o tratar dos reconhecimentos de calamidade p\u00fablica do Estado de SP, da Capital e dos munic\u00edpios do interior.<\/p>\n<p style=\"text-align: justify;\">Essa \u00e9 a primeira vez em 19 legislaturas que a Alesp realiza uma sess\u00e3o remotamente. As atividades presenciais e sess\u00f5es ordin\u00e1rias da Assembleia est\u00e3o suspensas desde o dia 17\/03, por tempo indeterminado, por causa da Covid-19, doen\u00e7a causada pelo novo coronav\u00edrus.<\/p>\n<p style=\"text-align: justify;\">Bragato ressalta que o momento \u00e9 de uni\u00e3o entre pol\u00edticos e a sociedade para evitar o avan\u00e7o da doen\u00e7a, e destaca que os poderes Executivo, Legislativo e Judici\u00e1rio paulista est\u00e3o empenhados para buscar a melhor solu\u00e7\u00e3o para o Estado. &#8220;Estamos acompanhando diariamente a quest\u00e3o do Covid-19. Temos a responsabilidade de adotar, neste momento, medidas para preservar a sa\u00fade das pessoas e criar pol\u00edticas p\u00fablicas que minimizem o impacto econ\u00f4mico, fiscal e social&#8221;, ponderou o presidente da comiss\u00e3o.<\/p>\n<p style=\"text-align: justify;\">A reuni\u00e3o ser\u00e1 transmitida pela Rede Alesp na TV aberta e tamb\u00e9m pela internet. Para acessar o conte\u00fado online ou encontrar o canal da emissora via sat\u00e9lite ou tv por assinatura, basta acessar este link (https:\/\/www.al.sp.gov.br\/alesp\/tv\/).<\/p>\n<p style=\"text-align: justify;\">Mauro Bragato \u00e9 presidente da CCJR, a principal comiss\u00e3o da Casa, e julga a constitucionalidade e a legalidade das proposi\u00e7\u00f5es. O parlamentar tamb\u00e9m \u00e9 membro de mais quatro comiss\u00f5es: de Educa\u00e7\u00e3o e Cultura; de Atividades Econ\u00f4micas; de Ci\u00eancia, Tecnologia, Inova\u00e7\u00e3o e Informa\u00e7\u00e3o; e de Rela\u00e7\u00f5es Internacionais.<\/p>\n<p style=\"text-align: justify;\">Fonte: https:\/\/www.al.sp.gov.br\/alesp\/tv\/<\/p>\n","protected":false},"excerpt":{"rendered":"<p>O deputado Mauro Bragato presidir\u00e1 a primeira reuni\u00e3o virtual da Comiss\u00e3o de Constitui\u00e7\u00e3o, Justi\u00e7a e Reda\u00e7\u00e3o da Assembleia Legislativa do Estado de S\u00e3o Paulo, nesta quinta-feira, 26\/03, \u00e0s 14h30. Os membros do colegiado v\u00e3o tratar dos reconhecimentos de calamidade p\u00fablica do Estado de SP, da Capital e dos munic\u00edpios do interior. Essa \u00e9 a primeira [&hellip;]<\/p>\n","protected":false},"author":1,"featured_media":22132,"comment_status":"closed","ping_status":"open","sticky":false,"template":"","format":"standard","meta":{"footnotes":""},"categories":[116],"tags":[],"class_list":["post-22131","post","type-post","status-publish","format-standard","has-post-thumbnail","hentry","category-politicaeeconomia"],"_links":{"self":[{"href":"https:\/\/jorgezanoni.com.br\/2019\/wp-json\/wp\/v2\/posts\/22131","targetHints":{"allow":["GET"]}}],"collection":[{"href":"https:\/\/jorgezanoni.com.br\/2019\/wp-json\/wp\/v2\/posts"}],"about":[{"href":"https:\/\/jorgezanoni.com.br\/2019\/wp-json\/wp\/v2\/types\/post"}],"author":[{"embeddable":true,"href":"https:\/\/jorgezanoni.com.br\/2019\/wp-json\/wp\/v2\/users\/1"}],"replies":[{"embeddable":true,"href":"https:\/\/jorgezanoni.com.br\/2019\/wp-json\/wp\/v2\/comments?post=22131"}],"version-history":[{"count":0,"href":"https:\/\/jorgezanoni.com.br\/2019\/wp-json\/wp\/v2\/posts\/22131\/revisions"}],"wp:featuredmedia":[{"embeddable":true,"href":"https:\/\/jorgezanoni.com.br\/2019\/wp-json\/wp\/v2\/media\/22132"}],"wp:attachment":[{"href":"https:\/\/jorgezanoni.com.br\/2019\/wp-json\/wp\/v2\/media?parent=22131"}],"wp:term":[{"taxonomy":"category","embeddable":true,"href":"https:\/\/jorgezanoni.com.br\/2019\/wp-json\/wp\/v2\/categories?post=22131"},{"taxonomy":"post_tag","embeddable":true,"href":"https:\/\/jorgezanoni.com.br\/2019\/wp-json\/wp\/v2\/tags?post=22131"}],"curies":[{"name":"wp","href":"https:\/\/api.w.org\/{rel}","templated":true}]}}