{"id":22123,"date":"2020-03-25T14:49:00","date_gmt":"2020-03-25T14:49:00","guid":{"rendered":"https:\/\/jorgezanoni.com.br\/2019\/?p=22123"},"modified":"2020-03-25T16:09:10","modified_gmt":"2020-03-25T16:09:10","slug":"ladrao-encosta-revolver-na-barriga-de-frentista-e-rouba-posto-de-combustiveis-em-dracena","status":"publish","type":"post","link":"https:\/\/jorgezanoni.com.br\/2019\/ladrao-encosta-revolver-na-barriga-de-frentista-e-rouba-posto-de-combustiveis-em-dracena\/","title":{"rendered":"Ladr\u00e3o \u2018encosta\u2019 rev\u00f3lver na barriga de frentista e rouba posto de combust\u00edveis em Dracena"},"content":{"rendered":"<p style=\"text-align: justify;\">A pol\u00edcia registrou, na madrugada desta quarta-feira (25), um roubo a um posto de combust\u00edveis, em\u00a0Dracena. Dinheiro foi levado do local ap\u00f3s o bandido, armado, render o frentista de 47 anos. O caso \u00e9 investigado.<\/p>\n<p style=\"text-align: justify;\">De acordo com a Pol\u00edcia Civil, a v\u00edtima contou que trabalha no posto de combust\u00edvel e durante a madrugada um homem, usando moletom e uma touca, entrou no p\u00e1tio. Acreditando ser um cliente, o frentista foi ao encontro do indiv\u00edduo, momento em que ele sacou de um rev\u00f3lver e anunciou o assalto.<\/p>\n<p style=\"text-align: justify;\">Durante o roubo, o ladr\u00e3o ainda teria dito para o frentista se deitar no ch\u00e3o. De in\u00edcio, a v\u00edtima se negou e ent\u00e3o o autor \u201cencostou\u201d o rev\u00f3lver na sua barriga.<\/p>\n<p style=\"text-align: justify;\">O frentista se deitou no ch\u00e3o e o ladr\u00e3o pegou R$ 80 que estavam no bolso.<\/p>\n<p style=\"text-align: justify;\">Em seguida, o ladr\u00e3o fugiu.<\/p>\n<p style=\"text-align: justify;\">Fonte: G1<\/p>\n<p>Veja V\u00eddeos cedidos<\/p>\n<div style=\"width: 696px;\" class=\"wp-video\"><video class=\"wp-video-shortcode\" id=\"video-22123-1\" width=\"696\" height=\"392\" preload=\"metadata\" controls=\"controls\"><source type=\"video\/mp4\" src=\"https:\/\/jorgezanoni.com.br\/2019\/wp-content\/uploads\/2020\/03\/WhatsApp-Video-2020-03-25-at-11.57.50.mp4?_=1\" \/><a href=\"https:\/\/jorgezanoni.com.br\/2019\/wp-content\/uploads\/2020\/03\/WhatsApp-Video-2020-03-25-at-11.57.50.mp4\">https:\/\/jorgezanoni.com.br\/2019\/wp-content\/uploads\/2020\/03\/WhatsApp-Video-2020-03-25-at-11.57.50.mp4<\/a><\/video><\/div>\n<div style=\"width: 696px;\" class=\"wp-video\"><video class=\"wp-video-shortcode\" id=\"video-22123-2\" width=\"696\" height=\"392\" preload=\"metadata\" controls=\"controls\"><source type=\"video\/mp4\" src=\"https:\/\/jorgezanoni.com.br\/2019\/wp-content\/uploads\/2020\/03\/WhatsApp-Video-2020-03-25-at-11.57.51-1.mp4?_=2\" \/><a href=\"https:\/\/jorgezanoni.com.br\/2019\/wp-content\/uploads\/2020\/03\/WhatsApp-Video-2020-03-25-at-11.57.51-1.mp4\">https:\/\/jorgezanoni.com.br\/2019\/wp-content\/uploads\/2020\/03\/WhatsApp-Video-2020-03-25-at-11.57.51-1.mp4<\/a><\/video><\/div>\n<div style=\"width: 696px;\" class=\"wp-video\"><video class=\"wp-video-shortcode\" id=\"video-22123-3\" width=\"696\" height=\"392\" preload=\"metadata\" controls=\"controls\"><source type=\"video\/mp4\" src=\"https:\/\/jorgezanoni.com.br\/2019\/wp-content\/uploads\/2020\/03\/WhatsApp-Video-2020-03-25-at-11.57.51.mp4?_=3\" \/><a href=\"https:\/\/jorgezanoni.com.br\/2019\/wp-content\/uploads\/2020\/03\/WhatsApp-Video-2020-03-25-at-11.57.51.mp4\">https:\/\/jorgezanoni.com.br\/2019\/wp-content\/uploads\/2020\/03\/WhatsApp-Video-2020-03-25-at-11.57.51.mp4<\/a><\/video><\/div>\n","protected":false},"excerpt":{"rendered":"<p>A pol\u00edcia registrou, na madrugada desta quarta-feira (25), um roubo a um posto de combust\u00edveis, em\u00a0Dracena. Dinheiro foi levado do local ap\u00f3s o bandido, armado, render o frentista de 47 anos. O caso \u00e9 investigado. De acordo com a Pol\u00edcia Civil, a v\u00edtima contou que trabalha no posto de combust\u00edvel e durante a madrugada um [&hellip;]<\/p>\n","protected":false},"author":1,"featured_media":22124,"comment_status":"closed","ping_status":"open","sticky":false,"template":"","format":"video","meta":{"footnotes":""},"categories":[110,2,169],"tags":[],"class_list":["post-22123","post","type-post","status-publish","format-video","has-post-thumbnail","hentry","category-noticiasdestaque","category-policial","category-videos","post_format-post-format-video"],"_links":{"self":[{"href":"https:\/\/jorgezanoni.com.br\/2019\/wp-json\/wp\/v2\/posts\/22123","targetHints":{"allow":["GET"]}}],"collection":[{"href":"https:\/\/jorgezanoni.com.br\/2019\/wp-json\/wp\/v2\/posts"}],"about":[{"href":"https:\/\/jorgezanoni.com.br\/2019\/wp-json\/wp\/v2\/types\/post"}],"author":[{"embeddable":true,"href":"https:\/\/jorgezanoni.com.br\/2019\/wp-json\/wp\/v2\/users\/1"}],"replies":[{"embeddable":true,"href":"https:\/\/jorgezanoni.com.br\/2019\/wp-json\/wp\/v2\/comments?post=22123"}],"version-history":[{"count":0,"href":"https:\/\/jorgezanoni.com.br\/2019\/wp-json\/wp\/v2\/posts\/22123\/revisions"}],"wp:featuredmedia":[{"embeddable":true,"href":"https:\/\/jorgezanoni.com.br\/2019\/wp-json\/wp\/v2\/media\/22124"}],"wp:attachment":[{"href":"https:\/\/jorgezanoni.com.br\/2019\/wp-json\/wp\/v2\/media?parent=22123"}],"wp:term":[{"taxonomy":"category","embeddable":true,"href":"https:\/\/jorgezanoni.com.br\/2019\/wp-json\/wp\/v2\/categories?post=22123"},{"taxonomy":"post_tag","embeddable":true,"href":"https:\/\/jorgezanoni.com.br\/2019\/wp-json\/wp\/v2\/tags?post=22123"}],"curies":[{"name":"wp","href":"https:\/\/api.w.org\/{rel}","templated":true}]}}