{"id":22116,"date":"2020-03-25T14:37:49","date_gmt":"2020-03-25T14:37:49","guid":{"rendered":"https:\/\/jorgezanoni.com.br\/2019\/?p=22116"},"modified":"2020-03-25T14:37:49","modified_gmt":"2020-03-25T14:37:49","slug":"dedetizacao-esta-entre-as-atividades-essenciais-para-o-combate-ao-covid-19-em-dracena-e-regiao-conte-com-a-afbb","status":"publish","type":"post","link":"https:\/\/jorgezanoni.com.br\/2019\/dedetizacao-esta-entre-as-atividades-essenciais-para-o-combate-ao-covid-19-em-dracena-e-regiao-conte-com-a-afbb\/","title":{"rendered":"Dedetiza\u00e7\u00e3o est\u00e1 entre as atividades essenciais para o combate ao COVID-19, em Dracena e regi\u00e3o conte com a AFBB"},"content":{"rendered":"<p style=\"text-align: justify;\"><strong>ATIVIDADE ESSENCIAL<\/strong> \ud83d\udd34<br \/>\nA atividade de empresas controladoras de vetores e pragas urbanas licenciadas nas autoridades sanit\u00e1rias e ou ambientais competentes, est\u00e3o devidamente inclusas como atividade essencial para garantia do funcionamento de outras atividades fundamentais.<br \/>\n#somosessenciais<\/p>\n<p><img loading=\"lazy\" decoding=\"async\" class=\"alignnone size-full wp-image-22118\" src=\"https:\/\/jorgezanoni.com.br\/2019\/wp-content\/uploads\/2020\/03\/afbb.jpg\" alt=\"\" width=\"984\" height=\"1280\" srcset=\"https:\/\/jorgezanoni.com.br\/2019\/wp-content\/uploads\/2020\/03\/afbb.jpg 984w, https:\/\/jorgezanoni.com.br\/2019\/wp-content\/uploads\/2020\/03\/afbb-231x300.jpg 231w, https:\/\/jorgezanoni.com.br\/2019\/wp-content\/uploads\/2020\/03\/afbb-768x999.jpg 768w, https:\/\/jorgezanoni.com.br\/2019\/wp-content\/uploads\/2020\/03\/afbb-787x1024.jpg 787w, https:\/\/jorgezanoni.com.br\/2019\/wp-content\/uploads\/2020\/03\/afbb-696x905.jpg 696w, https:\/\/jorgezanoni.com.br\/2019\/wp-content\/uploads\/2020\/03\/afbb-323x420.jpg 323w\" sizes=\"auto, (max-width: 984px) 100vw, 984px\" \/><\/p>\n<p style=\"text-align: justify;\"><strong>Nota T\u00e9cnica 02\/2020<\/strong><\/p>\n<p style=\"text-align: justify;\">Diante da situa\u00e7\u00e3o emergencial frente a presen\u00e7a no Novo Coronav\u00edrus e consequentemente a COVID- 19, e diante do Decreto 64.881 de 22\/03\/2020 do Governo do estado de S\u00e3o Paulo e do Decreto federal n\u00ba 10.282, de 20 de mar\u00e7o de 2020, que respectivamente disp\u00f5e do per\u00edodo de quarentena no estado de S\u00e3o Paulo e das atividades consideradas como essenciais, esclarece que:<\/p>\n<p style=\"text-align: justify;\">A atividade de empresas controladoras de vetores e pragas urbanas licenciadas nas autoridades sanit\u00e1rias e ou ambientais competentes, est\u00e3o devidamente inclusas como atividade essencial para garantia do funcionamento de outras atividades fundamentais.<\/p>\n<p style=\"text-align: justify;\">Muitos s\u00e3o os problemas que podem ser ocasionados pela presen\u00e7a de vetores e pragas urbanas nos mais diversos ambientes e de acordo com a pr\u00f3pria RDC 52 \/ 09 da ANVISA que define:<\/p>\n<p style=\"text-align: justify;\">\u201cVII &#8211; pragas urbanas: animais que infestam ambientes urbanos podendo causar agravos \u00e0 sa\u00fade, preju\u00edzos econ\u00f4micos, ou ambos;\u201d<br \/>\n\u201cXII &#8211; vetores: artr\u00f3podes ou outros invertebrados que podem transmitir infec\u00e7\u00f5es, por meio de carreamento externo (transmiss\u00e3o passiva ou mec\u00e2nica) ou interno (transmiss\u00e3o biol\u00f3gica) de microrganismos.\u201d<\/p>\n<p style=\"text-align: justify;\">\ud83d\udd36Portanto \u00e9 n\u00edtido que a atividade de Controle de Vetores e Pragas Urbanas \u00e9 essencial para a diminui\u00e7\u00e3o do risco de transmiss\u00e3o de diversos agentes patog\u00eanicos incluindo o novo coronav\u00edrus.<\/p>\n<p style=\"text-align: justify;\">\ud83d\udd36Consideramos que a atividade de controle de vetores e pragas urbanas realizada por empresas especializadas, por estar classificada na CNAE (Classifica\u00e7\u00e3o Nacional de Atividades Econ\u00f4micas) atende o artigo 2\u00ba, par\u00e1grafo 1\u00ba, item 1 do Decreto 64.881 de 22\/03\/2020 do Governo do estado de S\u00e3o Paulo, da seguinte forma:<\/p>\n<p style=\"text-align: justify;\">Classe: 81.22-2 Imuniza\u00e7\u00e3o e controle de pragas urbanas<br \/>\nSubclasse: 8122-2\/00 Imuniza\u00e7\u00e3o e controle de pragas urbanas<\/p>\n<p>Pela necessidade da licen\u00e7a (certifica\u00e7\u00e3o sanit\u00e1ria) para que as empresas possam funcionar, entendemos que a atividade descrita preenche os requisitos necess\u00e1rios estabelecidos no artigo 3\u00ba, item XV do Decreto Federal n\u00ba 10.282, de 20 de mar\u00e7o de 2020 nos dois decretos citados, e podemos continuar nossos trabalhos sendo considerados com atividade essencial e contribuindo de forma decis\u00f3ria neste momento de crise sanit\u00e1ria.<\/p>\n<p><img loading=\"lazy\" decoding=\"async\" class=\"alignnone size-full wp-image-22120\" src=\"https:\/\/jorgezanoni.com.br\/2019\/wp-content\/uploads\/2020\/03\/afbb1-2.jpg\" alt=\"\" width=\"705\" height=\"731\" srcset=\"https:\/\/jorgezanoni.com.br\/2019\/wp-content\/uploads\/2020\/03\/afbb1-2.jpg 705w, https:\/\/jorgezanoni.com.br\/2019\/wp-content\/uploads\/2020\/03\/afbb1-2-289x300.jpg 289w, https:\/\/jorgezanoni.com.br\/2019\/wp-content\/uploads\/2020\/03\/afbb1-2-696x722.jpg 696w, https:\/\/jorgezanoni.com.br\/2019\/wp-content\/uploads\/2020\/03\/afbb1-2-405x420.jpg 405w\" sizes=\"auto, (max-width: 705px) 100vw, 705px\" \/><\/p>\n<p>&nbsp;<\/p>\n","protected":false},"excerpt":{"rendered":"<p>ATIVIDADE ESSENCIAL \ud83d\udd34 A atividade de empresas controladoras de vetores e pragas urbanas licenciadas nas autoridades sanit\u00e1rias e ou ambientais competentes, est\u00e3o devidamente inclusas como atividade essencial para garantia do funcionamento de outras atividades fundamentais. #somosessenciais Nota T\u00e9cnica 02\/2020 Diante da situa\u00e7\u00e3o emergencial frente a presen\u00e7a no Novo Coronav\u00edrus e consequentemente a COVID- 19, e [&hellip;]<\/p>\n","protected":false},"author":1,"featured_media":22121,"comment_status":"closed","ping_status":"open","sticky":false,"template":"","format":"standard","meta":{"footnotes":""},"categories":[114],"tags":[],"class_list":["post-22116","post","type-post","status-publish","format-standard","has-post-thumbnail","hentry","category-geralecomercio"],"_links":{"self":[{"href":"https:\/\/jorgezanoni.com.br\/2019\/wp-json\/wp\/v2\/posts\/22116","targetHints":{"allow":["GET"]}}],"collection":[{"href":"https:\/\/jorgezanoni.com.br\/2019\/wp-json\/wp\/v2\/posts"}],"about":[{"href":"https:\/\/jorgezanoni.com.br\/2019\/wp-json\/wp\/v2\/types\/post"}],"author":[{"embeddable":true,"href":"https:\/\/jorgezanoni.com.br\/2019\/wp-json\/wp\/v2\/users\/1"}],"replies":[{"embeddable":true,"href":"https:\/\/jorgezanoni.com.br\/2019\/wp-json\/wp\/v2\/comments?post=22116"}],"version-history":[{"count":0,"href":"https:\/\/jorgezanoni.com.br\/2019\/wp-json\/wp\/v2\/posts\/22116\/revisions"}],"wp:featuredmedia":[{"embeddable":true,"href":"https:\/\/jorgezanoni.com.br\/2019\/wp-json\/wp\/v2\/media\/22121"}],"wp:attachment":[{"href":"https:\/\/jorgezanoni.com.br\/2019\/wp-json\/wp\/v2\/media?parent=22116"}],"wp:term":[{"taxonomy":"category","embeddable":true,"href":"https:\/\/jorgezanoni.com.br\/2019\/wp-json\/wp\/v2\/categories?post=22116"},{"taxonomy":"post_tag","embeddable":true,"href":"https:\/\/jorgezanoni.com.br\/2019\/wp-json\/wp\/v2\/tags?post=22116"}],"curies":[{"name":"wp","href":"https:\/\/api.w.org\/{rel}","templated":true}]}}