{"id":22105,"date":"2020-03-25T13:22:30","date_gmt":"2020-03-25T13:22:30","guid":{"rendered":"https:\/\/jorgezanoni.com.br\/2019\/?p=22105"},"modified":"2020-03-25T13:22:30","modified_gmt":"2020-03-25T13:22:30","slug":"midia-religiosa-a-industria-da-fe-em-debate","status":"publish","type":"post","link":"https:\/\/jorgezanoni.com.br\/2019\/midia-religiosa-a-industria-da-fe-em-debate\/","title":{"rendered":"M\u00eddia Religiosa: A Ind\u00fastria da F\u00e9 em Debate&#8230;"},"content":{"rendered":"<h3 style=\"text-align: justify;\">M\u00eddia Religiosa: A Ind\u00fastria da F\u00e9 em Debate&#8230;<\/h3>\n<p style=\"text-align: justify;\"><em>\u201cO maior benef\u00edcio que ao homem se pode conceder \u00e9 conduzi-lo do erro para a verdade\u201d. <\/em><em>(S\u00e3o Tom\u00e1s de Aquino<\/em><em>)<\/em><\/p>\n<p style=\"text-align: justify;\"><strong>S\u00e9rgio Barbosa<\/strong><\/p>\n<p style=\"text-align: justify;\">\u00a0\u00a0\u00a0\u00a0\u00a0\u00a0\u00a0\u00a0\u00a0\u00a0\u00a0 Pode-se afirmar que para uma an\u00e1lise em n\u00edvel GLOCAL, ou seja, do Global para o Local, faz-se necess\u00e1rio uma pesquisa acad\u00eamica de acordo com as metodologias cient\u00edficas, por\u00e9m, a proposta em pauta \u00e9 mediada por meio de um Ensaio Jornal\u00edstico&#8230;<\/p>\n<p style=\"text-align: justify;\">Ainda, este Ensaio tem como objetivo proporcionar uma Reflex\u00e3o Cr\u00edtica de acordo com as possibilidades existentes com rela\u00e7\u00e3o ao tema da IE-IGREJA ELETR\u00d4NICA em tempo de p\u00f3s-globaliza\u00e7\u00e3o midi\u00e1tica&#8230;<\/p>\n<p style=\"text-align: justify;\">A proposta em pauta busca apresentar uma vis\u00e3o Mundial, por\u00e9m, tendo como paradigma os fatos envolvendo o contexto latino-americano, bem como, caracterizando os dados de acordo com os cen\u00e1rios hist\u00f3ricos, pol\u00edtico, social, econ\u00f4mico e ideol\u00f3gico da IE.<\/p>\n<h1 style=\"text-align: justify;\">Cristianismo Primitivo<\/h1>\n<p style=\"text-align: justify;\">A prolifera\u00e7\u00e3o e expans\u00e3o da Igreja Eletr\u00f4nica (IE) nestes meios, e suas consequ\u00eancias possibilitam obter elementos n\u00e3o apenas para uma compreens\u00e3o global deste fen\u00f4meno.<\/p>\n<p style=\"text-align: justify;\">Permitem\u00a0 a elabora\u00e7\u00e3o de alternativas para que seja poss\u00edvel uma an\u00e1lise sobre o assunto, gerando possibilidades diversas de interpreta\u00e7\u00e3o sobre tais manifesta\u00e7\u00f5es religiosas.<\/p>\n<p style=\"text-align: justify;\">\u00a0\u00a0\u00a0\u00a0\u00a0\u00a0\u00a0\u00a0\u00a0\u00a0\u00a0 No cristianismo primitivo, a elabora\u00e7\u00e3o da teologia era feita no seio da comunidade, onde o modelo de comunica\u00e7\u00e3o era o fluxo m\u00faltiplo e horizontal. O pensamento teol\u00f3gico nascia n\u00e3o da interpreta\u00e7\u00e3o de alguns \u2018iluminados\u2019, mas da viv\u00eancia concreta do povo.\u00a0 Contr\u00e1ria a esta perspectiva hist\u00f3rica do cristianismo, a IE n\u00e3o apenas elimina a possibilidade de fluxo horizontal e m\u00faltiplo, como tamb\u00e9m\u00a0 estabelece o monop\u00f3lio sobre o pensamento teol\u00f3gico, onde a \u201cc\u00fapula\u201d manipula \u201c\u00e0 vontade de Deus\u201d conforme seus interesses, desenvolvendo-a de forma vertical a um \u201crebanho\u201d que, ingenuamente retribui com votos, audi\u00eancia e finan\u00e7as.<\/p>\n<h2 style=\"text-align: justify;\">Am\u00e9rica Latina<\/h2>\n<p style=\"text-align: justify;\">\u00a0\u00a0\u00a0\u00a0\u00a0\u00a0\u00a0\u00a0\u00a0\u00a0\u00a0 O fen\u00f4meno da Igreja Eletr\u00f4nica (IE) \u00e9 algo que merece aten\u00e7\u00e3o ainda nos dias de hoje, embora o assunto tenha sido de certa forma esquecido pelos pesquisadores do tema. Ao mesmo tempo requer seriedade na abordagem dos\u00a0 crit\u00e9rios pr\u00e9-estabelecidos pelos pesquisadores cient\u00edficos que buscam equacionar perguntas e respostas sobre a import\u00e2ncia da IE no Brasil e tamb\u00e9m em muitos pa\u00edses da Am\u00e9rica Latina.<\/p>\n<p style=\"text-align: justify;\">\u00a0\u00a0\u00a0\u00a0\u00a0\u00a0\u00a0\u00a0\u00a0\u00a0\u00a0 A IE divulga uma teologia que legitima a ordem pol\u00edtico-econ\u00f4mica ocidental, em que Deus \u00e9 respons\u00e1vel pelas b\u00ean\u00e7\u00e3os (riquezas) de determinadas na\u00e7\u00f5es, conforme as afirma\u00e7\u00f5es de Jimmy Swaggart. Esta teologia tem implica\u00e7\u00f5es bastante s\u00e9rias, sobretudo para a Am\u00e9rica Latina, pois qualquer mudan\u00e7a social tem que proceder do pr\u00f3prio Deus e assim, as iniciativas crist\u00e3s mais cr\u00edticas que acontecem neste contexto s\u00e3o vistas como atos de rebeldia \u00e0 vontade de Deus. A \u00fanica possibilidade humana \u00e9, individualmente, aceitar-se a Jesus como salvador pessoal de sua alma.<\/p>\n<p style=\"text-align: justify;\">\u00a0\u00a0\u00a0\u00a0\u00a0\u00a0\u00a0\u00a0\u00a0\u00a0\u00a0 Esta teologia \u00e9 \u00fatil para todas as esferas de poder estabelecido, sejam quais forem esses poderes, tornando a religi\u00e3o um instrumento eficaz de manipula\u00e7\u00e3o e aliena\u00e7\u00e3o, que esvazia os movimentos populares e mant\u00e9m todos na contempla\u00e7\u00e3o est\u00e1tica da cruz.<\/p>\n<p style=\"text-align: justify;\">\u00c9 a forma de religi\u00e3o favor\u00e1vel \u00e0s autoridades que permitiu aos tele evangelistas serem recebidos pelas mais diversas autoridades pol\u00edticas na Am\u00e9rica Latina, sendo que, Swaggart foi recebido em audi\u00eancia pelo ex-ditador do Chile, General Augusto Pinochet.<\/p>\n<p style=\"text-align: justify;\">\u00a0\u00a0\u00a0\u00a0\u00a0\u00a0\u00a0\u00a0\u00a0\u00a0\u00a0 Se por um lado existem estruturas poderosas em todos os sentidos, administradas pelos empres\u00e1rios da religi\u00e3o que, na maioria das vezes, est\u00e3o a servi\u00e7o do sistema capitalista, encontrando respaldo junto aos que det\u00e9m o poder, por outro lado, existem quest\u00f5es hist\u00f3ricas e sociais que tornam poss\u00edveis a aceita\u00e7\u00e3o n\u00e3o s\u00f3 da IE, como tamb\u00e9m de outras Institui\u00e7\u00f5es afins que se estabeleceram na maioria dos pa\u00edses da Am\u00e9rica Latina.<\/p>\n<h2 style=\"text-align: justify;\">Ind\u00fastria Eletr\u00f4nica da F\u00e9<\/h2>\n<p style=\"text-align: justify;\">\u00a0\u00a0\u00a0\u00a0\u00a0\u00a0\u00a0\u00a0\u00a0\u00a0\u00a0 Os muitos esc\u00e2ndalos patrocinados pelos tele-evangelistas da IE que explodiam como bombas at\u00f4micas na cabe\u00e7a dos seus seguidores, principalmente nos EUA, acabaram resultando numa decad\u00eancia num\u00e9rica dos adeptos da igreja e queda acentuada nas contribui\u00e7\u00f5es financeiras que muitos faziam como forma de compensar seus pecados terrenos.<\/p>\n<p style=\"text-align: justify;\">A ind\u00fastria eletr\u00f4nica da f\u00e9 come\u00e7ava a desmoronar, primeiro na matriz, logo em seguida as ag\u00eancias internacionais de not\u00edcias espalham pelos quatro cantos do planeta os pecados cometidos pela lideran\u00e7a mundial da IE.<\/p>\n<p style=\"text-align: justify;\">Os evang\u00e9licos receberam as not\u00edcias com surpresa e apreens\u00e3o, principalmente as lideran\u00e7as eclesi\u00e1sticas que utilizavam os resultados positivos gerados pela IE para sua promo\u00e7\u00e3o pessoal e manipula\u00e7\u00e3o dos resultados como dividendos pol\u00edticos-eclesi\u00e1sticos em suas igrejas.<\/p>\n<p style=\"text-align: justify;\"><em>____________________________________<\/em><\/p>\n<p style=\"text-align: justify;\"><em>(*) Jornalista diplomado, Mestre em CI\u00caNCIAS DA RELIGI\u00c3O\/Sociologia da Religi\u00e3o pelo PPGCR\/UMESP (1.997) e professor universit\u00e1rio.\u00a0\u00a0\u00a0\u00a0\u00a0\u00a0 <\/em><\/p>\n<p style=\"text-align: justify;\">\n<p style=\"text-align: justify;\">\n<p style=\"text-align: justify;\">\n<p style=\"text-align: justify;\">\n<p style=\"text-align: justify;\">\n<p style=\"text-align: justify;\">\n","protected":false},"excerpt":{"rendered":"<p>M\u00eddia Religiosa: A Ind\u00fastria da F\u00e9 em Debate&#8230; \u201cO maior benef\u00edcio que ao homem se pode conceder \u00e9 conduzi-lo do erro para a verdade\u201d. (S\u00e3o Tom\u00e1s de Aquino) S\u00e9rgio Barbosa \u00a0\u00a0\u00a0\u00a0\u00a0\u00a0\u00a0\u00a0\u00a0\u00a0\u00a0 Pode-se afirmar que para uma an\u00e1lise em n\u00edvel GLOCAL, ou seja, do Global para o Local, faz-se necess\u00e1rio uma pesquisa acad\u00eamica de acordo com [&hellip;]<\/p>\n","protected":false},"author":1,"featured_media":22106,"comment_status":"closed","ping_status":"open","sticky":false,"template":"","format":"standard","meta":{"footnotes":""},"categories":[175],"tags":[],"class_list":["post-22105","post","type-post","status-publish","format-standard","has-post-thumbnail","hentry","category-artigos"],"_links":{"self":[{"href":"https:\/\/jorgezanoni.com.br\/2019\/wp-json\/wp\/v2\/posts\/22105","targetHints":{"allow":["GET"]}}],"collection":[{"href":"https:\/\/jorgezanoni.com.br\/2019\/wp-json\/wp\/v2\/posts"}],"about":[{"href":"https:\/\/jorgezanoni.com.br\/2019\/wp-json\/wp\/v2\/types\/post"}],"author":[{"embeddable":true,"href":"https:\/\/jorgezanoni.com.br\/2019\/wp-json\/wp\/v2\/users\/1"}],"replies":[{"embeddable":true,"href":"https:\/\/jorgezanoni.com.br\/2019\/wp-json\/wp\/v2\/comments?post=22105"}],"version-history":[{"count":0,"href":"https:\/\/jorgezanoni.com.br\/2019\/wp-json\/wp\/v2\/posts\/22105\/revisions"}],"wp:featuredmedia":[{"embeddable":true,"href":"https:\/\/jorgezanoni.com.br\/2019\/wp-json\/wp\/v2\/media\/22106"}],"wp:attachment":[{"href":"https:\/\/jorgezanoni.com.br\/2019\/wp-json\/wp\/v2\/media?parent=22105"}],"wp:term":[{"taxonomy":"category","embeddable":true,"href":"https:\/\/jorgezanoni.com.br\/2019\/wp-json\/wp\/v2\/categories?post=22105"},{"taxonomy":"post_tag","embeddable":true,"href":"https:\/\/jorgezanoni.com.br\/2019\/wp-json\/wp\/v2\/tags?post=22105"}],"curies":[{"name":"wp","href":"https:\/\/api.w.org\/{rel}","templated":true}]}}