{"id":22063,"date":"2020-03-24T19:51:01","date_gmt":"2020-03-24T19:51:01","guid":{"rendered":"https:\/\/jorgezanoni.com.br\/2019\/?p=22063"},"modified":"2020-03-24T20:03:26","modified_gmt":"2020-03-24T20:03:26","slug":"presos-de-sp-irao-confeccionar-320-mil-mascaras-para-protecao-contra-coronavirus","status":"publish","type":"post","link":"https:\/\/jorgezanoni.com.br\/2019\/presos-de-sp-irao-confeccionar-320-mil-mascaras-para-protecao-contra-coronavirus\/","title":{"rendered":"Presos de SP ir\u00e3o confeccionar 320 mil m\u00e1scaras para prote\u00e7\u00e3o contra coronav\u00edrus"},"content":{"rendered":"<p style=\"text-align: justify;\"><strong>Na pr\u00f3xima semana, a capacidade total de produ\u00e7\u00e3o ser\u00e1 de 26 mil pe\u00e7as por dia.<\/strong><\/p>\n<p style=\"text-align: justify;\">O Governador Jo\u00e3o Doria anunciou nesta ter\u00e7a-feira (24) que reeducandos do sistema prisional do Estado v\u00e3o auxiliar nas a\u00e7\u00f5es de preven\u00e7\u00e3o ao novo coronav\u00edrus. A Secretaria da Administra\u00e7\u00e3o Penitenci\u00e1ria adquiriu insumos para produ\u00e7\u00e3o de 320 mil m\u00e1scaras descart\u00e1veis de prote\u00e7\u00e3o. A confec\u00e7\u00e3o tem in\u00edcio a partir de hoje.<\/p>\n<p style=\"text-align: justify;\"><strong>Veja tamb\u00e9m<\/strong><br \/>\n<a href=\"http:\/\/saopaulo.sp.gov.br\/coronavirus\/?utm_source=site&amp;utm_medium=banner&amp;utm_campaign=coronavirus-acoes-sp&amp;utm_content=Coronav%C3%ADrus%20-%20A%C3%A7%C3%B5es%20do%20Governo%20de%20SP\" target=\"_blank\" rel=\"noopener noreferrer\">Guia de preven\u00e7\u00e3o sobre o novo coronav\u00edrus<\/a><br \/>\n<a href=\"http:\/\/www.saopaulo.sp.gov.br\/spnoticias\/perguntas-e-respostas-tire-suas-duvidas-sobre-coronavirus\/\" target=\"_blank\" rel=\"noopener noreferrer\">Perguntas e respostas: tire suas d\u00favidas sobre a doen\u00e7a<\/a><br \/>\n<a href=\"http:\/\/www.saopaulo.sp.gov.br\/spnoticias\/saiba-quais-as-medidas-do-governo-de-sp-para-o-combate-ao-coronavirus\/\" target=\"_blank\" rel=\"noopener noreferrer\">Saiba quais as medidas do Governo de SP para o combate ao coronav\u00edrus<\/a><\/p>\n<p style=\"text-align: justify;\">A previs\u00e3o \u00e9 que sejam produzidas 26 mil pe\u00e7as por dia nas f\u00e1bricas adaptadas especialmente para a produ\u00e7\u00e3o das m\u00e1scaras. Cerca de 200 reeducandos de v\u00e1rias regi\u00f5es do Estado, de penitenci\u00e1rias masculinas e femininas, v\u00e3o confeccionar as m\u00e1scaras de prote\u00e7\u00e3o descart\u00e1veis para uso em procedimento simples (n\u00e3o-cir\u00fargicos).<\/p>\n<p style=\"text-align: justify;\">\u201cSer\u00e3o produzidas 26 mil pe\u00e7as por dia, seguindo os crit\u00e9rios sanit\u00e1rios e de confec\u00e7\u00e3o para a produ\u00e7\u00e3o destas m\u00e1scaras, que ter\u00e3o um custo para o Governo de S\u00e3o Paulo de R$ 0,80 por pe\u00e7a. \u00c9 uma atitude correta, solid\u00e1ria e poss\u00edvel de ser feita. Pode ser um exemplo tamb\u00e9m para outros Estados brasileiros\u201d, disse Doria.<\/p>\n<p style=\"text-align: justify;\">A Funda\u00e7\u00e3o Prof. Dr. Manoel Pedro Pimentel (Funap), vinculada \u00e0 Secretaria da Administra\u00e7\u00e3o Penitenci\u00e1ria, j\u00e1 come\u00e7a hoje a confec\u00e7\u00e3o em oficinas nas Penitenci\u00e1rias Femininas I e II de Trememb\u00e9. S\u00f3 nessas f\u00e1bricas, a produ\u00e7\u00e3o di\u00e1ria ser\u00e1 de 18 mil pe\u00e7as, com 121 m\u00e1quinas trabalhando.<\/p>\n<p style=\"text-align: justify;\">Ainda nesta semana, a Penitenci\u00e1ria Feminina de Tupi Paulista e a Penitenci\u00e1ria Masculina de Andradina tamb\u00e9m come\u00e7am a fabricar as m\u00e1scaras. Em Tupi Paulista, a produ\u00e7\u00e3o ser\u00e1 de 5,4 mil pe\u00e7as por dia, com 36 m\u00e1quinas; em Andradina, 2,6 mil pe\u00e7as por dia, com 19 m\u00e1quinas operando.<\/p>\n<p style=\"text-align: justify;\">Na pr\u00f3xima semana, ser\u00e1 alcan\u00e7ada a capacidade total de produ\u00e7\u00e3o, de 26 mil pe\u00e7as por dia. As f\u00e1bricas tiveram seu parque fabril adaptado para a confec\u00e7\u00e3o das m\u00e1scaras. As oficinas foram higienizadas e foi criado um protocolo de entrada para garantir a higiene das pe\u00e7as, feitas em TNT duplo. As m\u00e1scaras ser\u00e3o vendidas a pre\u00e7o de custo.<\/p>\n<p style=\"text-align: justify;\">Fonte: https:\/\/www.saopaulo.sp.gov.br\/ &#8211; Portal do Governo<\/p>\n<p>Imagem Ilustrativa<\/p>\n","protected":false},"excerpt":{"rendered":"<p>Na pr\u00f3xima semana, a capacidade total de produ\u00e7\u00e3o ser\u00e1 de 26 mil pe\u00e7as por dia. O Governador Jo\u00e3o Doria anunciou nesta ter\u00e7a-feira (24) que reeducandos do sistema prisional do Estado v\u00e3o auxiliar nas a\u00e7\u00f5es de preven\u00e7\u00e3o ao novo coronav\u00edrus. A Secretaria da Administra\u00e7\u00e3o Penitenci\u00e1ria adquiriu insumos para produ\u00e7\u00e3o de 320 mil m\u00e1scaras descart\u00e1veis de prote\u00e7\u00e3o. [&hellip;]<\/p>\n","protected":false},"author":1,"featured_media":22066,"comment_status":"closed","ping_status":"open","sticky":false,"template":"","format":"standard","meta":{"footnotes":""},"categories":[110,122],"tags":[],"class_list":["post-22063","post","type-post","status-publish","format-standard","has-post-thumbnail","hentry","category-noticiasdestaque","category-saudeeducacaoeconcurso"],"_links":{"self":[{"href":"https:\/\/jorgezanoni.com.br\/2019\/wp-json\/wp\/v2\/posts\/22063","targetHints":{"allow":["GET"]}}],"collection":[{"href":"https:\/\/jorgezanoni.com.br\/2019\/wp-json\/wp\/v2\/posts"}],"about":[{"href":"https:\/\/jorgezanoni.com.br\/2019\/wp-json\/wp\/v2\/types\/post"}],"author":[{"embeddable":true,"href":"https:\/\/jorgezanoni.com.br\/2019\/wp-json\/wp\/v2\/users\/1"}],"replies":[{"embeddable":true,"href":"https:\/\/jorgezanoni.com.br\/2019\/wp-json\/wp\/v2\/comments?post=22063"}],"version-history":[{"count":0,"href":"https:\/\/jorgezanoni.com.br\/2019\/wp-json\/wp\/v2\/posts\/22063\/revisions"}],"wp:featuredmedia":[{"embeddable":true,"href":"https:\/\/jorgezanoni.com.br\/2019\/wp-json\/wp\/v2\/media\/22066"}],"wp:attachment":[{"href":"https:\/\/jorgezanoni.com.br\/2019\/wp-json\/wp\/v2\/media?parent=22063"}],"wp:term":[{"taxonomy":"category","embeddable":true,"href":"https:\/\/jorgezanoni.com.br\/2019\/wp-json\/wp\/v2\/categories?post=22063"},{"taxonomy":"post_tag","embeddable":true,"href":"https:\/\/jorgezanoni.com.br\/2019\/wp-json\/wp\/v2\/tags?post=22063"}],"curies":[{"name":"wp","href":"https:\/\/api.w.org\/{rel}","templated":true}]}}