{"id":22060,"date":"2020-03-24T14:35:13","date_gmt":"2020-03-24T14:35:13","guid":{"rendered":"https:\/\/jorgezanoni.com.br\/2019\/?p=22060"},"modified":"2020-03-24T14:35:13","modified_gmt":"2020-03-24T14:35:13","slug":"olimpiada-de-toquio-e-adiada-para-2021-depois-de-pedido-de-primeiro-ministro-do-japao","status":"publish","type":"post","link":"https:\/\/jorgezanoni.com.br\/2019\/olimpiada-de-toquio-e-adiada-para-2021-depois-de-pedido-de-primeiro-ministro-do-japao\/","title":{"rendered":"Olimp\u00edada de T\u00f3quio \u00e9 adiada para 2021, depois de pedido de primeiro-ministro do Jap\u00e3o"},"content":{"rendered":"<h2 class=\"content-head__subtitle\" style=\"text-align: justify;\"><strong>Abe Shinzo pediu ao Comit\u00ea Ol\u00edmpico Internacional para adiar os jogos que deveriam acontecer em T\u00f3quio neste ano.<\/strong><\/h2>\n<div class=\"mc-column content-text active-extra-styles \" data-block-type=\"unstyled\" data-block-weight=\"44\" data-block-id=\"2\">\n<p class=\"content-text__container \" style=\"text-align: justify;\" data-track-category=\"Link no Texto\" data-track-links=\"\">O primeiro-ministro japon\u00eas, Abe Shinzo, confirmou nesta ter\u00e7a-feira (24) que pediu ao Comit\u00ea Ol\u00edmpico Internacional (COI) o adiamento de um ano dos Jogos Ol\u00edmpicos, que estavam programados para o dia 24 de julho. A autoridade esportiva aceitou, e a competi\u00e7\u00e3o foi postergada para 2021.<\/p>\n<\/div>\n<div class=\"wall protected-content\">\n<div class=\"mc-column content-text active-extra-styles \" style=\"text-align: justify;\" data-block-type=\"unstyled\" data-block-weight=\"25\" data-block-id=\"3\">\n<p class=\"content-text__container \" data-track-category=\"Link no Texto\" data-track-links=\"\">Abe fez o an\u00fancio a jornalistas depois de uma conversa telef\u00f4nica com o presidente do COI, Thomas Bach. Segundo ele, o COI aceitou o pedido.<\/p>\n<\/div>\n<div class=\"mc-column content-text active-extra-styles \" style=\"text-align: justify;\" data-block-type=\"unstyled\" data-block-weight=\"16\" data-block-id=\"4\">\n<p class=\"content-text__container \" data-track-category=\"Link no Texto\" data-track-links=\"\">O COI, ent\u00e3o, confirmou em um comunicado o adiamento assinado em conjunto com o governo japon\u00eas:<\/p>\n<\/div>\n<div class=\"mc-column content-text active-extra-styles\" style=\"text-align: justify;\" data-block-type=\"raw\" data-block-weight=\"62\" data-block-id=\"5\">\n<blockquote class=\"content-blockquote theme-border-color-primary-before\"><p>&#8220;Na circunst\u00e2ncia presente, e baseados na informa\u00e7\u00e3o providenciada pela Organiza\u00e7\u00e3o Mundial da Sa\u00fade, o presidente do COI e o primeiro-ministro do Jap\u00e3o conclu\u00edram que os Jogos da 32\u00aa Olimp\u00edada em T\u00f3quio devem ser reagendados para uma data para al\u00e9m de 2020, mas n\u00e3o depois do ver\u00e3o de 2021, para garantir a sa\u00fade de atletas, todos envolvidos nos Jogos e a comunidade internacional.&#8221;<\/p><\/blockquote>\n<\/div>\n<div class=\"mc-column content-text active-extra-styles \" data-block-type=\"unstyled\" data-block-weight=\"27\" data-block-id=\"6\">\n<p class=\"content-text__container \" style=\"text-align: justify;\" data-track-category=\"Link no Texto\" data-track-links=\"\">As Olimp\u00edadas, portanto, dever\u00e3o ser realizadas em 2021. Mesmo assim, o nome oficial do evento ser\u00e1 T\u00f3quio 2020, de acordo com o governador de T\u00f3quio, Yuriko Koike.<\/p>\n<div class=\"mc-column content-text active-extra-styles \" style=\"text-align: justify;\" data-block-type=\"unstyled\" data-block-weight=\"23\" data-block-id=\"9\">\n<p class=\"content-text__container \" data-track-category=\"Link no Texto\" data-track-links=\"\">Os Jogos Ol\u00edmpicos foram adiados por causa da pandemia do Covid-19, que impactou a organiza\u00e7\u00e3o do evento e tamb\u00e9m a prepara\u00e7\u00e3o dos atletas.<\/p>\n<\/div>\n<div class=\"mc-column content-text active-extra-styles \" style=\"text-align: justify;\" data-block-type=\"unstyled\" data-block-weight=\"25\" data-block-id=\"10\">\n<p class=\"content-text__container \" data-track-category=\"Link no Texto\" data-track-links=\"\">A conversa telef\u00f4nica incluiu, al\u00e9m de Abe e de Bach, o governador de T\u00f3quio, Yuriko Koike, e o l\u00edder da organiza\u00e7\u00e3o dos Jogos, Yoshiro Mori.<\/p>\n<\/div>\n<div class=\"mc-column content-text active-extra-styles \" style=\"text-align: justify;\" data-block-type=\"unstyled\" data-block-weight=\"15\" data-block-id=\"11\">\n<p class=\"content-text__container \" data-track-category=\"Link no Texto\" data-track-links=\"\">Abe pediu para que Bach tomasse uma decis\u00e3o o mais r\u00e1pido poss\u00edvel, segundo a NHK.<\/p>\n<\/div>\n<div class=\"mc-column content-text active-extra-styles \" style=\"text-align: justify;\" data-block-type=\"unstyled\" data-block-weight=\"33\" data-block-id=\"12\">\n<p class=\"content-text__container \" data-track-category=\"Link no Texto\" data-track-links=\"\">Essa \u00e9 a primeira vez, na era moderna, que os Jogos Ol\u00edmpicos s\u00e3o adiados. Eles foram cancelados em tr\u00eas ocasi\u00f5es: 1916, 1940 e 1944, por causa da Primeira e Segunda Guerras mundiais.<\/p>\n<\/div>\n<div class=\"mc-column content-text active-extra-styles\" style=\"text-align: justify;\" data-block-type=\"raw\" data-block-weight=\"3\" data-block-id=\"13\">\n<div class=\"content-intertitle\">\n<h2>Press\u00e3o de atletas<\/h2>\n<\/div>\n<\/div>\n<div class=\"mc-column content-text active-extra-styles \" style=\"text-align: justify;\" data-block-type=\"unstyled\" data-block-weight=\"38\" data-block-id=\"14\">\n<p class=\"content-text__container \" data-track-category=\"Link no Texto\" data-track-links=\"\">O Comit\u00ea Ol\u00edmpico do Canad\u00e1 havia publicado uma carta na segunda-feira (23) na qual informou que ia boicotar os Jogos Ol\u00edmpicos e Paral\u00edmpicos se eles fossem realizados em 2020. A Austr\u00e1lia tamb\u00e9m informou que n\u00e3o enviaria seus atletas.<\/p>\n<\/div>\n<div class=\"mc-column content-text active-extra-styles \" style=\"text-align: justify;\" data-block-type=\"unstyled\" data-block-weight=\"12\" data-block-id=\"15\">\n<p class=\"content-text__container \" data-track-category=\"Link no Texto\" data-track-links=\"\">Noruega e Gr\u00e3-Bretanha pressionaram o COI e amea\u00e7aram n\u00e3o participar dos Jogos.<\/p>\n<\/div>\n<div class=\"mc-column content-text active-extra-styles \" style=\"text-align: justify;\" data-block-type=\"unstyled\" data-block-weight=\"19\" data-block-id=\"16\">\n<p class=\"content-text__container \" data-track-category=\"Link no Texto\" data-track-links=\"\">Os comit\u00eas do Brasil, Eslov\u00eania, Alemanha haviam pedido o adiamento, assim como as equipes norte-americanas de nata\u00e7\u00e3o e corrida.<\/p>\n<\/div>\n<div class=\"mc-column content-text active-extra-styles\" style=\"text-align: justify;\" data-block-type=\"raw\" data-block-weight=\"2\" data-block-id=\"17\">\n<div class=\"content-intertitle\">\n<h2>Eliminat\u00f3rias congeladas<\/h2>\n<\/div>\n<\/div>\n<div class=\"mc-column content-text active-extra-styles \" style=\"text-align: justify;\" data-block-type=\"unstyled\" data-block-weight=\"21\" data-block-id=\"18\">\n<p class=\"content-text__container \" data-track-category=\"Link no Texto\" data-track-links=\"\">A maioria (78%) dos atletas era favor\u00e1vel a um adiamento, de acordo com uma pesquisa divulgada pelo &#8220;The New York Times&#8221;.<\/p>\n<\/div>\n<div class=\"mc-column content-text active-extra-styles \" style=\"text-align: justify;\" data-block-type=\"unstyled\" data-block-weight=\"37\" data-block-id=\"19\">\n<p class=\"content-text__container \" data-track-category=\"Link no Texto\" data-track-links=\"\">As medidas de conten\u00e7\u00e3o do coronav\u00edrus, que em muitos pa\u00edses incluem a proibi\u00e7\u00e3o de viagens, interromperam os jogos eliminat\u00f3rios para as Olimp\u00edadas. Muitos dos atletas n\u00e3o podem sair de casa por causa das medidas de isolamentos impostas.<\/p>\n<\/div>\n<div class=\"mc-column content-text active-extra-styles \" data-block-type=\"unstyled\" data-block-weight=\"18\" data-block-id=\"20\">\n<p class=\"content-text__container \" style=\"text-align: justify;\" data-track-category=\"Link no Texto\" data-track-links=\"\">Ainda assim, at\u00e9 o domingo (22), o COI tinha dito que s\u00f3 tomaria uma decis\u00e3o em quatro semanas.<\/p>\n<p style=\"text-align: justify;\" data-track-category=\"Link no Texto\" data-track-links=\"\">Fonte: https:\/\/g1.globo.com\/mundo\/noticia\/2020\/03\/24\/primeiro-ministro-do-japao-pede-para-adiar-olimpiadas-por-um-ano.ghtml<\/p>\n<\/div>\n<\/div>\n<\/div>\n","protected":false},"excerpt":{"rendered":"<p>Abe Shinzo pediu ao Comit\u00ea Ol\u00edmpico Internacional para adiar os jogos que deveriam acontecer em T\u00f3quio neste ano. O primeiro-ministro japon\u00eas, Abe Shinzo, confirmou nesta ter\u00e7a-feira (24) que pediu ao Comit\u00ea Ol\u00edmpico Internacional (COI) o adiamento de um ano dos Jogos Ol\u00edmpicos, que estavam programados para o dia 24 de julho. A autoridade esportiva aceitou, [&hellip;]<\/p>\n","protected":false},"author":1,"featured_media":22061,"comment_status":"closed","ping_status":"open","sticky":false,"template":"","format":"standard","meta":{"footnotes":""},"categories":[111,110],"tags":[],"class_list":["post-22060","post","type-post","status-publish","format-standard","has-post-thumbnail","hentry","category-esporteecultura","category-noticiasdestaque"],"_links":{"self":[{"href":"https:\/\/jorgezanoni.com.br\/2019\/wp-json\/wp\/v2\/posts\/22060","targetHints":{"allow":["GET"]}}],"collection":[{"href":"https:\/\/jorgezanoni.com.br\/2019\/wp-json\/wp\/v2\/posts"}],"about":[{"href":"https:\/\/jorgezanoni.com.br\/2019\/wp-json\/wp\/v2\/types\/post"}],"author":[{"embeddable":true,"href":"https:\/\/jorgezanoni.com.br\/2019\/wp-json\/wp\/v2\/users\/1"}],"replies":[{"embeddable":true,"href":"https:\/\/jorgezanoni.com.br\/2019\/wp-json\/wp\/v2\/comments?post=22060"}],"version-history":[{"count":0,"href":"https:\/\/jorgezanoni.com.br\/2019\/wp-json\/wp\/v2\/posts\/22060\/revisions"}],"wp:featuredmedia":[{"embeddable":true,"href":"https:\/\/jorgezanoni.com.br\/2019\/wp-json\/wp\/v2\/media\/22061"}],"wp:attachment":[{"href":"https:\/\/jorgezanoni.com.br\/2019\/wp-json\/wp\/v2\/media?parent=22060"}],"wp:term":[{"taxonomy":"category","embeddable":true,"href":"https:\/\/jorgezanoni.com.br\/2019\/wp-json\/wp\/v2\/categories?post=22060"},{"taxonomy":"post_tag","embeddable":true,"href":"https:\/\/jorgezanoni.com.br\/2019\/wp-json\/wp\/v2\/tags?post=22060"}],"curies":[{"name":"wp","href":"https:\/\/api.w.org\/{rel}","templated":true}]}}