{"id":22057,"date":"2020-03-24T14:19:06","date_gmt":"2020-03-24T14:19:06","guid":{"rendered":"https:\/\/jorgezanoni.com.br\/2019\/?p=22057"},"modified":"2020-03-24T14:19:06","modified_gmt":"2020-03-24T14:19:06","slug":"pacaembu-doze-fugas-em-menos-de-tres-dias-coronavirus-seria-motivo-de-panico-entre-detentos","status":"publish","type":"post","link":"https:\/\/jorgezanoni.com.br\/2019\/pacaembu-doze-fugas-em-menos-de-tres-dias-coronavirus-seria-motivo-de-panico-entre-detentos\/","title":{"rendered":"PACAEMBU: Doze fugas em menos de tr\u00eas dias, Coronav\u00edrus seria motivo de p\u00e2nico entre detentos"},"content":{"rendered":"<p style=\"text-align: justify;\"><strong><em>Evas\u00f5es de presos ocorreram no semiaberto.<br \/>\n<\/em><\/strong><br \/>\nEm menos de tr\u00eas dias, de s\u00e1bado (21) \u00e0 segunda-feira (23), o Centro de Progress\u00e3o Penitenci\u00e1ria \u2013 CPP de Pacaembu (sistema semiaberto), registrou 12 fugas de detentos.<\/p>\n<p style=\"text-align: justify;\">Conforme informa\u00e7\u00f5es obtidas pela reportagem do site e jornal\u00a0<strong><em>Folha Regional<\/em><\/strong>, a primeira fuga teve a evas\u00e3o de seis detentos e ocorreu no s\u00e1bado (21).<\/p>\n<p style=\"text-align: justify;\">J\u00e1 na tarde desta segunda-feira (23), mais um grupo de seis presos fugiu da unidade prisional fazendo com que a Pol\u00edcia Militar realizasse uma ampla mobiliza\u00e7\u00e3o contando com policiais e viaturas de Pacaembu e regi\u00e3o e inclusive o Helic\u00f3ptero \u00c1guia nas buscas que resultaram em quatro detentos recapturados e que foram reinseridos no sistema prisional.<\/p>\n<p style=\"text-align: justify;\">A reportagem da\u00a0<strong><em>Folha Regional<\/em><\/strong>, obteve com exclusividade, a informa\u00e7\u00e3o de que o motivo pelo qual os detentos estariam se evadindo do semiaberto, estaria relacionado ao medo de contrair o Coronav\u00edrus.<\/p>\n<p style=\"text-align: justify;\">Outra informa\u00e7\u00e3o tamb\u00e9m obtida de forma extraoficial, revela que outros presos da unidade tamb\u00e9m planejam fugir nos pr\u00f3ximos dias.<\/p>\n<p style=\"text-align: justify;\">Desde o \u00faltimo dia 16, quando o Governo do Estado decretou a suspens\u00e3o das \u201csaidinhas\u201d e no \u00faltimo final de semana, a proibi\u00e7\u00e3o tempor\u00e1ria de visitas nas penitenci\u00e1rias ap\u00f3s decis\u00e3o judicial, o sistema prisional da regi\u00e3o vive em clima de tens\u00e3o por parte de detentos e at\u00e9 mesmo funcion\u00e1rios que trabalham nas unidades.<\/p>\n<p style=\"text-align: justify;\">Outro dado importante, diz respeito \u00e0 superlota\u00e7\u00e3o do semiaberto de Pacaembu, onde a capacidade \u00e9 de 686 presos, por\u00e9m, est\u00e1 atualmente com 1.850 detentos, segundo contagem realizada nesta segunda-feira (23), 1.164 a mais do que foi projetada.<\/p>\n<p style=\"text-align: justify;\">Nossa reportagem solicitou algumas respostas \u00e0 Assessoria de Imprensa da Secretaria de Administra\u00e7\u00e3o Penitenci\u00e1ria atrav\u00e9s da Coordenadoria Regional de Unidades Prisional da Regi\u00e3o Oeste do Estado (Croeste) e aguarda um posicionamento que ser\u00e1 anexado ao conte\u00fado desta mat\u00e9ria.<\/p>\n<p style=\"text-align: justify;\">Fonte: Folha Regional<\/p>\n","protected":false},"excerpt":{"rendered":"<p>Evas\u00f5es de presos ocorreram no semiaberto. Em menos de tr\u00eas dias, de s\u00e1bado (21) \u00e0 segunda-feira (23), o Centro de Progress\u00e3o Penitenci\u00e1ria \u2013 CPP de Pacaembu (sistema semiaberto), registrou 12 fugas de detentos. Conforme informa\u00e7\u00f5es obtidas pela reportagem do site e jornal\u00a0Folha Regional, a primeira fuga teve a evas\u00e3o de seis detentos e ocorreu no [&hellip;]<\/p>\n","protected":false},"author":1,"featured_media":22058,"comment_status":"closed","ping_status":"open","sticky":false,"template":"","format":"standard","meta":{"footnotes":""},"categories":[110,2],"tags":[],"class_list":["post-22057","post","type-post","status-publish","format-standard","has-post-thumbnail","hentry","category-noticiasdestaque","category-policial"],"_links":{"self":[{"href":"https:\/\/jorgezanoni.com.br\/2019\/wp-json\/wp\/v2\/posts\/22057","targetHints":{"allow":["GET"]}}],"collection":[{"href":"https:\/\/jorgezanoni.com.br\/2019\/wp-json\/wp\/v2\/posts"}],"about":[{"href":"https:\/\/jorgezanoni.com.br\/2019\/wp-json\/wp\/v2\/types\/post"}],"author":[{"embeddable":true,"href":"https:\/\/jorgezanoni.com.br\/2019\/wp-json\/wp\/v2\/users\/1"}],"replies":[{"embeddable":true,"href":"https:\/\/jorgezanoni.com.br\/2019\/wp-json\/wp\/v2\/comments?post=22057"}],"version-history":[{"count":0,"href":"https:\/\/jorgezanoni.com.br\/2019\/wp-json\/wp\/v2\/posts\/22057\/revisions"}],"wp:featuredmedia":[{"embeddable":true,"href":"https:\/\/jorgezanoni.com.br\/2019\/wp-json\/wp\/v2\/media\/22058"}],"wp:attachment":[{"href":"https:\/\/jorgezanoni.com.br\/2019\/wp-json\/wp\/v2\/media?parent=22057"}],"wp:term":[{"taxonomy":"category","embeddable":true,"href":"https:\/\/jorgezanoni.com.br\/2019\/wp-json\/wp\/v2\/categories?post=22057"},{"taxonomy":"post_tag","embeddable":true,"href":"https:\/\/jorgezanoni.com.br\/2019\/wp-json\/wp\/v2\/tags?post=22057"}],"curies":[{"name":"wp","href":"https:\/\/api.w.org\/{rel}","templated":true}]}}