{"id":22038,"date":"2020-03-24T01:28:29","date_gmt":"2020-03-24T01:28:29","guid":{"rendered":"https:\/\/jorgezanoni.com.br\/2019\/?p=22038"},"modified":"2020-03-24T01:28:29","modified_gmt":"2020-03-24T01:28:29","slug":"policia-militar-desobedecer-decreto-de-quarentena-pode-gerar-detencao-multa-e-cassacao-de-alvara","status":"publish","type":"post","link":"https:\/\/jorgezanoni.com.br\/2019\/policia-militar-desobedecer-decreto-de-quarentena-pode-gerar-detencao-multa-e-cassacao-de-alvara\/","title":{"rendered":"Pol\u00edcia Militar: desobedecer decreto de quarentena pode gerar deten\u00e7\u00e3o, multa e cassa\u00e7\u00e3o de alvar\u00e1"},"content":{"rendered":"<h2 class=\"subtitulo\" style=\"text-align: justify;\"><strong>Quarentena come\u00e7a \u00e0 0h desta ter\u00e7a-feira (24) e segue at\u00e9 7 de abril.<\/strong><\/h2>\n<p style=\"font-weight: 400; text-align: justify;\">A Pol\u00edcia Militar do Estado de S\u00e3o Paulo, na \u00e1rea do 25\u00ba Batalh\u00e3o de Dracena (25\u00ba BPM\/I), que compreende a faixa entre as cidades de Osvaldo Cruz e Panorama\/Paulic\u00e9ia, est\u00e1 de prontid\u00e3o para atuar na fiscaliza\u00e7\u00e3o e fazer cumprir o Decreto Estadual N\u00ba 64.881, editado pelo governador Jo\u00e3o D\u00f3ria em 22 de mar\u00e7o \u00faltimo, que determina per\u00edodo de quarentena nas 645 cidades do Estado de S\u00e3o Paulo, como medida de enfrentamento \u00e0 dissemina\u00e7\u00e3o do novo coronav\u00edrus (Covid-19).<\/p>\n<p style=\"font-weight: 400; text-align: justify;\">As restri\u00e7\u00f5es fixadas pela quarentena, nesse per\u00edodo de pandemia, come\u00e7am a valer \u00e0 0h desta ter\u00e7a-feira (24) e segue, momentaneamente, at\u00e9 o dia 7 de abril. Procurado pelo SIGA MAIS, o subcomandante do 25\u00ba BPM\/I, capit\u00e3o J\u00falio Marcelo Romagnoli, exp\u00f4s como a PM deve atuar na fiscaliza\u00e7\u00e3o das medidas restritivas.<\/p>\n<p style=\"font-weight: 400; text-align: justify;\">Nesse per\u00edodo, segundo o subcomandante, a PM atuar\u00e1 para fazer cumprir a decis\u00e3o estadual, combinada tamb\u00e9m com as decis\u00f5es municipais tomadas por prefeitos, que decretaram medidas restritivas em \u00e2mbito local. Muitas das veda\u00e7\u00f5es se repetem nas duas normas. A atua\u00e7\u00e3o da PM, no cumprimento da quarentena, est\u00e1 prevista no pr\u00f3prio decreto estadual.<\/p>\n<p style=\"font-weight: 400; text-align: justify;\">Segundo o capit\u00e3o J\u00falio, nas cidades da regi\u00e3o onde as restri\u00e7\u00f5es locais fixadas por prefeito j\u00e1 est\u00e3o vigentes, foram identificadas situa\u00e7\u00f5es de descumprimento, com estabelecimentos n\u00e3o autorizados abertos, em funcionamento, e com concentra\u00e7\u00e3o de p\u00fabico, em desacordo com as decis\u00f5es municipais.<\/p>\n<p style=\"font-weight: 400; text-align: justify;\">Agora, com o in\u00edcio da vig\u00eancia do per\u00edodo de quarentena nos 645 munic\u00edpios paulistas, e considerando as primeiras avalia\u00e7\u00f5es que revelem descumprimento de medidas municipais, a estrat\u00e9gia da PM \u00e9 atuar, tamb\u00e9m, na fiscaliza\u00e7\u00e3o e cumprimento das determina\u00e7\u00f5es restritivas.\u00a0\u00a0O efetivo estar\u00e1 nas ruas e a corpora\u00e7\u00e3o tamb\u00e9m ir\u00e1 apurar den\u00fancias recebidas pelo 190.<\/p>\n<p style=\"font-weight: 400; text-align: justify;\"><b><strong>Implica\u00e7\u00f5es criminais e administrativas<\/strong><\/b><\/p>\n<p style=\"font-weight: 400; text-align: justify;\">De acordo como subcomandante do 25\u00ba BPM\/I, o eventual descumprimento das determina\u00e7\u00f5es fixadas pelo Estado de S\u00e3o Paulo e pelos munic\u00edpios pode caracterizar infra\u00e7\u00e3o de medida sanit\u00e1ria preventiva, prevista no Artigo 268 do C\u00f3digo Penal Brasileiro, onde define que infringir determina\u00e7\u00e3o do poder p\u00fablico, destinada a impedir introdu\u00e7\u00e3o ou propaga\u00e7\u00e3o de doen\u00e7a contagiosa, pode acarretar pena de deten\u00e7\u00e3o de um m\u00eas a um ano, e multa.<\/p>\n<p style=\"font-weight: 400; text-align: justify;\">Outro ponto destacado pelo capit\u00e3o da PM, tamb\u00e9m previsto no C\u00f3digo Penal, \u00e9 a infra\u00e7\u00e3o por desobedi\u00eancia, conforme previsto no Artigo 330, ao determinar que desobedecer a ordem legal de funcion\u00e1rio p\u00fablico pode acarretar pena de deten\u00e7\u00e3o, de quinze dias a seis meses, e multa.<\/p>\n<p style=\"font-weight: 400; text-align: justify;\">O subcomandante destaca que o eventual descumprimento dos decretos pode acarretar nas duas implica\u00e7\u00f5es, e os casos poder\u00e3o desencadear pris\u00e3o em flagrante, com elabora\u00e7\u00e3o do auto de pris\u00e3o e abertura de termo circunstanciado. \u201cOs casos que identificamos ter\u00e3o nossa atua\u00e7\u00e3o, e ser\u00e3o apresentados \u00e0 Pol\u00edcia Civil e o infrator poder\u00e1 responder criminalmente\u201d, afirma.<\/p>\n<p style=\"font-weight: 400; text-align: justify;\">Outro ponto destacado pelo subcomandante da PM se refere aos decretos municipais, fixados por v\u00e1rias cidades da regi\u00e3o, que tamb\u00e9m preveem medidas administrativas, como multas e cassa\u00e7\u00e3o de alvar\u00e1s de estabelecimentos.<\/p>\n<p style=\"font-weight: 400; text-align: justify;\">No caso de Adamantina, o Decreto Municipal N\u00ba 6.111, de 20 de mar\u00e7o, re\u00fane as medidas locais de restri\u00e7\u00e3o a diversas atividades, com impacto, sobretudo, nas atividades econ\u00f4micas e funcionamento do com\u00e9rcio.<\/p>\n<p style=\"font-weight: 400; text-align: justify;\">O n\u00e3o cumprimento das medidas prev\u00ea multa de 300 UFM (Unidade Fiscal Municipal), o que corresponde a R$ 1.092,00. O processo administrativo no \u00e2mbito do Munic\u00edpio pode levar, inclusive, \u00e0 cassa\u00e7\u00e3o de alvar\u00e1, bom base nas normas local e estadual.<\/p>\n<p style=\"font-weight: 400; text-align: justify;\">Veja aqui a \u00edntegra do\u00a0<a href=\"http:\/\/www.adamantina.sp.gov.br\/?pag=T0dRPU9EZz1PR009T1RnPQ==&amp;id=2874&amp;idtipolei=7\">Decreto Municipal N\u00ba 6.111<\/a>\u00a0e uma publica\u00e7\u00e3o realizada pela Prefeitura de Adamantina, com\u00a0<a href=\"http:\/\/www.adamantina.sp.gov.br\/?pag=T1RVPU9EZz1PV0k9T1RrPU9UUT1OMlE9T0dNPU9XST1PR1U9T0dNPU9HWT1PV009T1dZPQ==&amp;id=5818\">orienta\u00e7\u00f5es complementares<\/a>\u00a0ao Decreto.<\/p>\n<p style=\"font-weight: 400; text-align: justify;\"><b><strong>Quarentena estadual:\u00a0<a href=\"https:\/\/www.saopaulo.sp.gov.br\/wp-content\/uploads\/2020\/03\/decreto-quarentena.pdf\">Decreto Estadual N\u00ba 64.881<\/a>\u00a0<a href=\"https:\/\/www.saopaulo.sp.gov.br\/wp-content\/uploads\/2020\/03\/decreto-quarentena.pdf\">(veja \u00edntegra aqui)<\/a><\/strong><\/b><\/p>\n<p style=\"font-weight: 400; text-align: justify;\">No per\u00edodo de 24 de mar\u00e7o a 7 de abril de 2020, em todo o Estado de S\u00e3o Paulo:<\/p>\n<p style=\"font-weight: 400; text-align: justify;\"><b><strong>1 &#8211; Fica suspenso:<\/strong><\/b><\/p>\n<p style=\"font-weight: 400; text-align: justify;\">1.1 &#8211; Atendimento presencial ao p\u00fablico em estabelecimentos comerciais e prestadores de servi\u00e7os, especialmente em casas noturnas, \u201cshopping centers\u201d, galerias e estabelecimentos cong\u00eaneres, academias e centros de gin\u00e1stica, ressalvadas as atividades internas;<\/p>\n<p style=\"font-weight: 400; text-align: justify;\">1.2 \u2013 Consumo local em bares, restaurantes, padarias e supermercados, sem preju\u00edzo dos servi\u00e7os de entrega (\u201cdelivery\u201d) e \u201cdrive thru\u201d.<\/p>\n<p style=\"font-weight: 400; text-align: justify;\"><b><strong>2 &#8211; Fica recomendado:<\/strong><\/b><\/p>\n<p style=\"font-weight: 400; text-align: justify;\">2.1 \u2013 Que a circula\u00e7\u00e3o de pessoas no \u00e2mbito do Estado de S\u00e3o Paulo se limite \u00e0s necessidades imediatas de alimenta\u00e7\u00e3o, cuidados de sa\u00fade e exerc\u00edcio de atividades essenciais.<\/p>\n<p style=\"font-weight: 400; text-align: justify;\"><b><strong>3 \u2013 Ficam autorizadas as seguintes atividades essenciais:<\/strong><\/b><\/p>\n<p style=\"font-weight: 400; text-align: justify;\">3.1 &#8211; Sa\u00fade: hospitais, cl\u00ednicas, farm\u00e1cias, lavanderias e servi\u00e7os de limpeza e hot\u00e9is;<\/p>\n<p style=\"font-weight: 400; text-align: justify;\">3.2 &#8211; Alimenta\u00e7\u00e3o: supermercados e cong\u00eaneres, bem como os servi\u00e7os de entrega (\u201cdelivery\u201d) e \u201cdrive thru\u201d de bares, restaurantes e padarias;<\/p>\n<p style=\"font-weight: 400; text-align: justify;\">3.3 &#8211; Abastecimento: transportadoras, postos de combust\u00edveis e derivados, armaz\u00e9ns, oficinas de ve\u00edculos automotores e bancas de jornal;<\/p>\n<p style=\"font-weight: 400; text-align: justify;\">3.4 &#8211; Seguran\u00e7a: servi\u00e7os de seguran\u00e7a privada;<\/p>\n<p style=\"font-weight: 400; text-align: justify;\">3.5 &#8211; Comunica\u00e7\u00e3o social: meios de comunica\u00e7\u00e3o social, inclusive eletr\u00f4nica, executada por empresas jornal\u00edsticas e de radiofus\u00e3o sonora e de sons e imagens;<\/p>\n<p style=\"font-weight: 400; text-align: justify;\">3.6 &#8211; Demais atividades relacionadas no \u00a7 1\u00ba do artigo 3\u00ba do\u00a0<a href=\"http:\/\/www.planalto.gov.br\/ccivil_03\/_ato2019-2022\/2020\/decreto\/D10282.htm\">Decreto Federal n\u00ba 10.282<\/a>,\u00a0de 20 de mar\u00e7o de 2020 (veja aqui). ##bannr2##<\/p>\n<p style=\"text-align: justify;\">Fonte: sigamais.com<\/p>\n","protected":false},"excerpt":{"rendered":"<p>Quarentena come\u00e7a \u00e0 0h desta ter\u00e7a-feira (24) e segue at\u00e9 7 de abril. A Pol\u00edcia Militar do Estado de S\u00e3o Paulo, na \u00e1rea do 25\u00ba Batalh\u00e3o de Dracena (25\u00ba BPM\/I), que compreende a faixa entre as cidades de Osvaldo Cruz e Panorama\/Paulic\u00e9ia, est\u00e1 de prontid\u00e3o para atuar na fiscaliza\u00e7\u00e3o e fazer cumprir o Decreto Estadual [&hellip;]<\/p>\n","protected":false},"author":1,"featured_media":22039,"comment_status":"closed","ping_status":"open","sticky":false,"template":"","format":"standard","meta":{"footnotes":""},"categories":[110,2],"tags":[],"class_list":["post-22038","post","type-post","status-publish","format-standard","has-post-thumbnail","hentry","category-noticiasdestaque","category-policial"],"_links":{"self":[{"href":"https:\/\/jorgezanoni.com.br\/2019\/wp-json\/wp\/v2\/posts\/22038","targetHints":{"allow":["GET"]}}],"collection":[{"href":"https:\/\/jorgezanoni.com.br\/2019\/wp-json\/wp\/v2\/posts"}],"about":[{"href":"https:\/\/jorgezanoni.com.br\/2019\/wp-json\/wp\/v2\/types\/post"}],"author":[{"embeddable":true,"href":"https:\/\/jorgezanoni.com.br\/2019\/wp-json\/wp\/v2\/users\/1"}],"replies":[{"embeddable":true,"href":"https:\/\/jorgezanoni.com.br\/2019\/wp-json\/wp\/v2\/comments?post=22038"}],"version-history":[{"count":0,"href":"https:\/\/jorgezanoni.com.br\/2019\/wp-json\/wp\/v2\/posts\/22038\/revisions"}],"wp:featuredmedia":[{"embeddable":true,"href":"https:\/\/jorgezanoni.com.br\/2019\/wp-json\/wp\/v2\/media\/22039"}],"wp:attachment":[{"href":"https:\/\/jorgezanoni.com.br\/2019\/wp-json\/wp\/v2\/media?parent=22038"}],"wp:term":[{"taxonomy":"category","embeddable":true,"href":"https:\/\/jorgezanoni.com.br\/2019\/wp-json\/wp\/v2\/categories?post=22038"},{"taxonomy":"post_tag","embeddable":true,"href":"https:\/\/jorgezanoni.com.br\/2019\/wp-json\/wp\/v2\/tags?post=22038"}],"curies":[{"name":"wp","href":"https:\/\/api.w.org\/{rel}","templated":true}]}}