{"id":2201,"date":"2019-07-27T00:54:54","date_gmt":"2019-07-27T00:54:54","guid":{"rendered":"http:\/\/jorgezanoni.com.br\/2019\/?p=2201"},"modified":"2019-07-27T00:54:54","modified_gmt":"2019-07-27T00:54:54","slug":"dracena-e-heptacampea-no-futsal-dos-jogos-regionais","status":"publish","type":"post","link":"https:\/\/jorgezanoni.com.br\/2019\/dracena-e-heptacampea-no-futsal-dos-jogos-regionais\/","title":{"rendered":"Dracena \u00e9 heptacampe\u00e3 no futsal dos Jogos Regionais"},"content":{"rendered":"<p style=\"font-weight: 400; text-align: justify;\">A equipe do Dracena Futsal Tempersul, representando a cidade na modalidade, se sagrou campe\u00e3 do 63\u00ba Jogos Regionais, em Assis, ao bater o time da casa por 1 a 0.<\/p>\n<p style=\"font-weight: 400; text-align: justify;\">O gol que deu o t\u00edtulo a Dracena foi marcado por Paulo Victor, ainda na etapa inicial. O artilheiro do time na competi\u00e7\u00e3o foi o piv\u00f4 Vitinho, com 5 gols.<\/p>\n<p style=\"font-weight: 400; text-align: justify;\">Esse \u00e9 o s\u00e9timo t\u00edtulo consecutivo que o munic\u00edpio conquista em \u00e2mbito regional, o credenciando para a disputa dos Jogos Abertos do Interior 2019, que ser\u00e3o disputados em Mar\u00edlia, no m\u00eas de outubro.<\/p>\n<p style=\"font-weight: 400; text-align: justify;\">O elenco dracenense nos Jogos Regionais foi composto por: Du, Padula, Paulo Victor, Rafa Martins, Vitinho, Sandrinho, Dario, Marcelinho, Everton Batata, Marquinhos. A comiss\u00e3o t\u00e9cnica teve o t\u00e9cnico Edilson Leite, o preparador f\u00edsico Mateus Ferreira, o preparador de goleiros Roni Ferraz e o mordomo Leo Ceber.<\/p>\n<p style=\"font-weight: 400; text-align: justify;\">&#8220;Cumprimos o objetivo que era sermos campe\u00f5es. A cada ano os advers\u00e1rios dificultam mais, ent\u00e3o vencer o torneio gera uma satisfa\u00e7\u00e3o extra&#8221;, salientou o fixo Paulo Victor.<\/p>\n<p style=\"font-weight: 400; text-align: justify;\">Para o presidente Lucas Batista, &#8220;representar Dracena nos Jogos Regionais \u00e9 sempre uma satisfa\u00e7\u00e3o e uma responsabilidade. Conquistamos mais um t\u00edtulo, o que mostra a for\u00e7a do nosso elenco para a sequ\u00eancia do calend\u00e1rio&#8221;. O mandat\u00e1rio tamb\u00e9m fez quest\u00e3o de agradecer a Prefeitura e os patrocinadores da equipe por todo o apoio dado ao longo da temporada.<\/p>\n<p>Fonte: Assessoria de Imprensa Tempersul<\/p>\n<p style=\"font-weight: 400; text-align: justify;\">\n<p style=\"font-weight: 400; text-align: justify;\"><strong>\u00a0<\/strong><\/p>\n<p style=\"font-weight: 400;\">\n","protected":false},"excerpt":{"rendered":"<p>A equipe do Dracena Futsal Tempersul, representando a cidade na modalidade, se sagrou campe\u00e3 do 63\u00ba Jogos Regionais, em Assis, ao bater o time da casa por 1 a 0. O gol que deu o t\u00edtulo a Dracena foi marcado por Paulo Victor, ainda na etapa inicial. O artilheiro do time na competi\u00e7\u00e3o foi o [&hellip;]<\/p>\n","protected":false},"author":1,"featured_media":2202,"comment_status":"open","ping_status":"open","sticky":false,"template":"","format":"standard","meta":{"footnotes":""},"categories":[111,110],"tags":[],"class_list":["post-2201","post","type-post","status-publish","format-standard","has-post-thumbnail","hentry","category-esporteecultura","category-noticiasdestaque"],"_links":{"self":[{"href":"https:\/\/jorgezanoni.com.br\/2019\/wp-json\/wp\/v2\/posts\/2201","targetHints":{"allow":["GET"]}}],"collection":[{"href":"https:\/\/jorgezanoni.com.br\/2019\/wp-json\/wp\/v2\/posts"}],"about":[{"href":"https:\/\/jorgezanoni.com.br\/2019\/wp-json\/wp\/v2\/types\/post"}],"author":[{"embeddable":true,"href":"https:\/\/jorgezanoni.com.br\/2019\/wp-json\/wp\/v2\/users\/1"}],"replies":[{"embeddable":true,"href":"https:\/\/jorgezanoni.com.br\/2019\/wp-json\/wp\/v2\/comments?post=2201"}],"version-history":[{"count":0,"href":"https:\/\/jorgezanoni.com.br\/2019\/wp-json\/wp\/v2\/posts\/2201\/revisions"}],"wp:featuredmedia":[{"embeddable":true,"href":"https:\/\/jorgezanoni.com.br\/2019\/wp-json\/wp\/v2\/media\/2202"}],"wp:attachment":[{"href":"https:\/\/jorgezanoni.com.br\/2019\/wp-json\/wp\/v2\/media?parent=2201"}],"wp:term":[{"taxonomy":"category","embeddable":true,"href":"https:\/\/jorgezanoni.com.br\/2019\/wp-json\/wp\/v2\/categories?post=2201"},{"taxonomy":"post_tag","embeddable":true,"href":"https:\/\/jorgezanoni.com.br\/2019\/wp-json\/wp\/v2\/tags?post=2201"}],"curies":[{"name":"wp","href":"https:\/\/api.w.org\/{rel}","templated":true}]}}