{"id":21975,"date":"2020-03-23T16:15:29","date_gmt":"2020-03-23T16:15:29","guid":{"rendered":"https:\/\/jorgezanoni.com.br\/2019\/?p=21975"},"modified":"2020-03-23T16:17:34","modified_gmt":"2020-03-23T16:17:34","slug":"devido-ao-coronavirus-ibge-adia-para-2021-o-censo-demografico","status":"publish","type":"post","link":"https:\/\/jorgezanoni.com.br\/2019\/devido-ao-coronavirus-ibge-adia-para-2021-o-censo-demografico\/","title":{"rendered":"Devido ao coronav\u00edrus, IBGE adia para 2021 o Censo Demogr\u00e1fico"},"content":{"rendered":"<p style=\"text-align: justify;\"><strong>Cinco vagas tempor\u00e1rias para Dracena estavam previstas no concurso que tamb\u00e9m foi suspenso.<\/strong><\/p>\n<p style=\"text-align: justify;\">A C\u00e2mara Municipal de Dracena foi informada no fim da semana passada sobre o adiamento do Censo Demogr\u00e1fico para 2021 devido aos desdobramentos da doen\u00e7a Covid-19 (novo coronav\u00edrus) no pa\u00eds. Os trabalhos seriam iniciados em agosto deste ano, por\u00e9m, diante da pandemia mundial e a declara\u00e7\u00e3o do Minist\u00e9rio da Sa\u00fade de &#8220;Emerg\u00eancia em Sa\u00fade P\u00fablica da Import\u00e2ncia Nacional&#8221;, as atividades foram suspensas.<\/p>\n<p style=\"text-align: justify;\">O Instituto Brasileiro de Geografia e Estat\u00edstica (IBGE) divulgou a decis\u00e3o atrav\u00e9s de nota considerando a dimens\u00e3o do censo &#8220;o qual \u00e9 realizado por meio da presen\u00e7a de mais de 180 mil recenseadores, que visitam, por sua vez, mais de 71 milh\u00f5es de domic\u00edlios no territ\u00f3rio nacional&#8221;.<\/p>\n<p style=\"text-align: justify;\">O Censo Demogr\u00e1fico \u00e9 realizado a cada dez anos e o \u00faltimo foi feito em 2010. Nele s\u00e3o apontados os dados brasileiros sobre renda, escolaridade, trabalho, caracter\u00edsticas do domic\u00edlio, mortalidade, entre outros. Os trabalhos para 2020 estavam previstos para se iniciarem em agosto e finalizar at\u00e9 outubro.<\/p>\n<p style=\"text-align: justify;\"><strong>Legislativo dracenense<\/strong><\/p>\n<p style=\"text-align: justify;\">A C\u00e2mara Municipal de Dracena tamb\u00e9m tem adotado medidas de preven\u00e7\u00e3o ao cont\u00e1gio da doen\u00e7a. As sess\u00f5es ser\u00e3o realizadas, por ora, apenas com vereadores e funcion\u00e1rios para evitar a aglomera\u00e7\u00e3o de pessoas, assim como foram suspensas por 15 dias os trabalhos de todas as comiss\u00f5es permanentes e tempor\u00e1rias e os funcion\u00e1rios est\u00e3o em regime de teletrabalho ou revezamento, de acordo com o cargo e fun\u00e7\u00f5es.<\/p>\n<p style=\"text-align: justify;\">Fonte: Assessoria C\u00e2mara Municipal<\/p>\n<p style=\"text-align: justify;\">\n","protected":false},"excerpt":{"rendered":"<p>Cinco vagas tempor\u00e1rias para Dracena estavam previstas no concurso que tamb\u00e9m foi suspenso. A C\u00e2mara Municipal de Dracena foi informada no fim da semana passada sobre o adiamento do Censo Demogr\u00e1fico para 2021 devido aos desdobramentos da doen\u00e7a Covid-19 (novo coronav\u00edrus) no pa\u00eds. Os trabalhos seriam iniciados em agosto deste ano, por\u00e9m, diante da pandemia [&hellip;]<\/p>\n","protected":false},"author":1,"featured_media":21976,"comment_status":"closed","ping_status":"open","sticky":false,"template":"","format":"standard","meta":{"footnotes":""},"categories":[116],"tags":[],"class_list":["post-21975","post","type-post","status-publish","format-standard","has-post-thumbnail","hentry","category-politicaeeconomia"],"_links":{"self":[{"href":"https:\/\/jorgezanoni.com.br\/2019\/wp-json\/wp\/v2\/posts\/21975","targetHints":{"allow":["GET"]}}],"collection":[{"href":"https:\/\/jorgezanoni.com.br\/2019\/wp-json\/wp\/v2\/posts"}],"about":[{"href":"https:\/\/jorgezanoni.com.br\/2019\/wp-json\/wp\/v2\/types\/post"}],"author":[{"embeddable":true,"href":"https:\/\/jorgezanoni.com.br\/2019\/wp-json\/wp\/v2\/users\/1"}],"replies":[{"embeddable":true,"href":"https:\/\/jorgezanoni.com.br\/2019\/wp-json\/wp\/v2\/comments?post=21975"}],"version-history":[{"count":0,"href":"https:\/\/jorgezanoni.com.br\/2019\/wp-json\/wp\/v2\/posts\/21975\/revisions"}],"wp:featuredmedia":[{"embeddable":true,"href":"https:\/\/jorgezanoni.com.br\/2019\/wp-json\/wp\/v2\/media\/21976"}],"wp:attachment":[{"href":"https:\/\/jorgezanoni.com.br\/2019\/wp-json\/wp\/v2\/media?parent=21975"}],"wp:term":[{"taxonomy":"category","embeddable":true,"href":"https:\/\/jorgezanoni.com.br\/2019\/wp-json\/wp\/v2\/categories?post=21975"},{"taxonomy":"post_tag","embeddable":true,"href":"https:\/\/jorgezanoni.com.br\/2019\/wp-json\/wp\/v2\/tags?post=21975"}],"curies":[{"name":"wp","href":"https:\/\/api.w.org\/{rel}","templated":true}]}}