{"id":2197,"date":"2019-07-26T17:44:35","date_gmt":"2019-07-26T17:44:35","guid":{"rendered":"http:\/\/jorgezanoni.com.br\/2019\/?p=2197"},"modified":"2019-07-26T17:44:35","modified_gmt":"2019-07-26T17:44:35","slug":"policia-militar-prende-tres-homens-em-dracena-dois-por-trafico-de-drogas-e-um-foragido-da-justica","status":"publish","type":"post","link":"https:\/\/jorgezanoni.com.br\/2019\/policia-militar-prende-tres-homens-em-dracena-dois-por-trafico-de-drogas-e-um-foragido-da-justica\/","title":{"rendered":"Pol\u00edcia Militar prende tr\u00eas homens em Dracena, dois por Tr\u00e1fico de Drogas e um Foragido da Justi\u00e7a"},"content":{"rendered":"<p style=\"text-align: justify;\">Na noite desta quinta-feira (25), por volta das 23h05min, durante patrulhamento de For\u00e7a T\u00e1tica pela cidade de Dracena, os policiais avistaram um indiv\u00edduo em frente \u00e0 uma resid\u00eancia, que ao perceber a viatura, correu para o interior da resid\u00eancia, sendo alcan\u00e7ado e abordado. Na busca pessoal, n<span class=\"text_exposed_show\">ada de il\u00edcito foi localizado, por\u00e9m confessou ser foragido do CPP de Pacaembu desde 23\/07\/2019. Durante essa abordagem, os policias presenciaram a aproxima\u00e7\u00e3o de uma motocicleta, onde o condutor ao perceber a presen\u00e7a dos policiais militares, desviou tentando se evadir, por\u00e9m foi parado e abordado. A moto era conduzida por W.G.S.S. de 38 anos, e o passageiro era L.S.S. de 43 anos, que carregava duas sacolas pl\u00e1sticas, contendo alface em seu interior. Ap\u00f3s busca pessoal, nada de il\u00edcito foi localizado, por\u00e9m ao verificar o interior das sacolas, em meio as folhas de alfaces, foi localizado envoltos por um pl\u00e1stico de cor azul, 28 saches de coca\u00edna, prontos para venda. Diante disso foi dada a voz de pris\u00e3o aos dois (L.S.S. e W.G.S.S) pelo crime de tr\u00e1fico de drogas, sendo conduzido juntamente com o G.W.D.S., por estar foragido do sistema penitenci\u00e1rio, onde foram apresentados na delegacia permanecendo presos a disposi\u00e7\u00e3o da justi\u00e7a.<\/p>\n<p><a class=\"_58cn\" href=\"https:\/\/www.facebook.com\/hashtag\/25bpmi?epa=HASHTAG\" data-ft=\"{&quot;type&quot;:104,&quot;tn&quot;:&quot;*N&quot;}\">#25BPMI<\/a><br \/>\n<a class=\"_58cn\" href=\"https:\/\/www.facebook.com\/hashtag\/policiamilitarsp?epa=HASHTAG\" data-ft=\"{&quot;type&quot;:104,&quot;tn&quot;:&quot;*N&quot;}\">#POLICIAMILITARSP<\/a><br \/>\n<a class=\"_58cn\" href=\"https:\/\/www.facebook.com\/hashtag\/for%C3%A7ap%C3%BAblicades%C3%A3opaulo?epa=HASHTAG\" data-ft=\"{&quot;type&quot;:104,&quot;tn&quot;:&quot;*N&quot;}\">#FOR\u00c7AP\u00daBLICADES\u00c3OPAULO<\/a><br \/>\nCOMUNICA\u00c7\u00c3O SOCIAL DO 25\u00ba BPM\/I &#8211; Dracena e regi\u00e3o.<\/span><\/p>\n","protected":false},"excerpt":{"rendered":"<p>Na noite desta quinta-feira (25), por volta das 23h05min, durante patrulhamento de For\u00e7a T\u00e1tica pela cidade de Dracena, os policiais avistaram um indiv\u00edduo em frente \u00e0 uma resid\u00eancia, que ao perceber a viatura, correu para o interior da resid\u00eancia, sendo alcan\u00e7ado e abordado. Na busca pessoal, nada de il\u00edcito foi localizado, por\u00e9m confessou ser foragido [&hellip;]<\/p>\n","protected":false},"author":1,"featured_media":2198,"comment_status":"open","ping_status":"open","sticky":false,"template":"","format":"standard","meta":{"footnotes":""},"categories":[110,2],"tags":[],"class_list":["post-2197","post","type-post","status-publish","format-standard","has-post-thumbnail","hentry","category-noticiasdestaque","category-policial"],"_links":{"self":[{"href":"https:\/\/jorgezanoni.com.br\/2019\/wp-json\/wp\/v2\/posts\/2197","targetHints":{"allow":["GET"]}}],"collection":[{"href":"https:\/\/jorgezanoni.com.br\/2019\/wp-json\/wp\/v2\/posts"}],"about":[{"href":"https:\/\/jorgezanoni.com.br\/2019\/wp-json\/wp\/v2\/types\/post"}],"author":[{"embeddable":true,"href":"https:\/\/jorgezanoni.com.br\/2019\/wp-json\/wp\/v2\/users\/1"}],"replies":[{"embeddable":true,"href":"https:\/\/jorgezanoni.com.br\/2019\/wp-json\/wp\/v2\/comments?post=2197"}],"version-history":[{"count":0,"href":"https:\/\/jorgezanoni.com.br\/2019\/wp-json\/wp\/v2\/posts\/2197\/revisions"}],"wp:featuredmedia":[{"embeddable":true,"href":"https:\/\/jorgezanoni.com.br\/2019\/wp-json\/wp\/v2\/media\/2198"}],"wp:attachment":[{"href":"https:\/\/jorgezanoni.com.br\/2019\/wp-json\/wp\/v2\/media?parent=2197"}],"wp:term":[{"taxonomy":"category","embeddable":true,"href":"https:\/\/jorgezanoni.com.br\/2019\/wp-json\/wp\/v2\/categories?post=2197"},{"taxonomy":"post_tag","embeddable":true,"href":"https:\/\/jorgezanoni.com.br\/2019\/wp-json\/wp\/v2\/tags?post=2197"}],"curies":[{"name":"wp","href":"https:\/\/api.w.org\/{rel}","templated":true}]}}