{"id":21968,"date":"2020-03-23T14:46:46","date_gmt":"2020-03-23T14:46:46","guid":{"rendered":"https:\/\/jorgezanoni.com.br\/2019\/?p=21968"},"modified":"2020-03-23T14:46:46","modified_gmt":"2020-03-23T14:46:46","slug":"bomba-do-poco-do-bairro-sao-francisco-foi-trocada-neste-domingo","status":"publish","type":"post","link":"https:\/\/jorgezanoni.com.br\/2019\/bomba-do-poco-do-bairro-sao-francisco-foi-trocada-neste-domingo\/","title":{"rendered":"Bomba\u00a0do\u00a0po\u00e7o\u00a0do\u00a0Bairro\u00a0S\u00e3o\u00a0Francisco\u00a0foi\u00a0trocada\u00a0neste\u00a0domingo"},"content":{"rendered":"<p style=\"text-align: justify;\">Empresa contratada pela Emdaep efetuou, neste domingo, a troca de bomba do po\u00e7o do Bairro S\u00e3o Francisco (Po\u00e7o da Sanbra). Os servi\u00e7os foram conclu\u00eddos ao longo do dia para normaliza\u00e7\u00e3o do abastecimento no Bairro S\u00e3o Francisco e Vila Luc\u00e9lia, entre outras.<br \/>\nA bomba do referido po\u00e7o queimou no s\u00e1bado e a Emdaep fez manobras na rede p\u00fablica para atender os setores prejudicados.<br \/>\nO\u00a0plant\u00e3o\u00a0na\u00a0Emdaep\u00a0atende\u00a0pelo\u00a0telefone\u00a03821-1146.<\/p>\n<p>Ass.\u00a0Rela\u00e7\u00f5es\u00a0P\u00fablicas\u00a0da\u00a0Emdaep<\/p>\n","protected":false},"excerpt":{"rendered":"<p>Empresa contratada pela Emdaep efetuou, neste domingo, a troca de bomba do po\u00e7o do Bairro S\u00e3o Francisco (Po\u00e7o da Sanbra). Os servi\u00e7os foram conclu\u00eddos ao longo do dia para normaliza\u00e7\u00e3o do abastecimento no Bairro S\u00e3o Francisco e Vila Luc\u00e9lia, entre outras. A bomba do referido po\u00e7o queimou no s\u00e1bado e a Emdaep fez manobras na [&hellip;]<\/p>\n","protected":false},"author":1,"featured_media":21969,"comment_status":"closed","ping_status":"open","sticky":false,"template":"","format":"standard","meta":{"footnotes":""},"categories":[179,184],"tags":[],"class_list":["post-21968","post","type-post","status-publish","format-standard","has-post-thumbnail","hentry","category-cidadeseregiao","category-dracena"],"_links":{"self":[{"href":"https:\/\/jorgezanoni.com.br\/2019\/wp-json\/wp\/v2\/posts\/21968","targetHints":{"allow":["GET"]}}],"collection":[{"href":"https:\/\/jorgezanoni.com.br\/2019\/wp-json\/wp\/v2\/posts"}],"about":[{"href":"https:\/\/jorgezanoni.com.br\/2019\/wp-json\/wp\/v2\/types\/post"}],"author":[{"embeddable":true,"href":"https:\/\/jorgezanoni.com.br\/2019\/wp-json\/wp\/v2\/users\/1"}],"replies":[{"embeddable":true,"href":"https:\/\/jorgezanoni.com.br\/2019\/wp-json\/wp\/v2\/comments?post=21968"}],"version-history":[{"count":0,"href":"https:\/\/jorgezanoni.com.br\/2019\/wp-json\/wp\/v2\/posts\/21968\/revisions"}],"wp:featuredmedia":[{"embeddable":true,"href":"https:\/\/jorgezanoni.com.br\/2019\/wp-json\/wp\/v2\/media\/21969"}],"wp:attachment":[{"href":"https:\/\/jorgezanoni.com.br\/2019\/wp-json\/wp\/v2\/media?parent=21968"}],"wp:term":[{"taxonomy":"category","embeddable":true,"href":"https:\/\/jorgezanoni.com.br\/2019\/wp-json\/wp\/v2\/categories?post=21968"},{"taxonomy":"post_tag","embeddable":true,"href":"https:\/\/jorgezanoni.com.br\/2019\/wp-json\/wp\/v2\/tags?post=21968"}],"curies":[{"name":"wp","href":"https:\/\/api.w.org\/{rel}","templated":true}]}}