{"id":21944,"date":"2020-03-22T23:17:56","date_gmt":"2020-03-22T23:17:56","guid":{"rendered":"https:\/\/jorgezanoni.com.br\/2019\/?p=21944"},"modified":"2020-03-22T23:17:56","modified_gmt":"2020-03-22T23:17:56","slug":"batida-entre-caminhao-e-onibus-deixa-11-mortos-e-17-feridos-em-mg","status":"publish","type":"post","link":"https:\/\/jorgezanoni.com.br\/2019\/batida-entre-caminhao-e-onibus-deixa-11-mortos-e-17-feridos-em-mg\/","title":{"rendered":"Batida entre caminh\u00e3o e \u00f4nibus deixa 11 mortos e 17 feridos em MG"},"content":{"rendered":"<h2 class=\"content-head__subtitle\" style=\"text-align: justify;\"><strong>V\u00edtimas morreram no local do acidente. Elas estavam entre os 27 ocupantes do \u00f4nibus que seguia do estado da Bahia sentido Porecatu, no Paran\u00e1. PRF informou que, segundo levantamento preliminar, o \u00f4nibus invadiu pista sentido contr\u00e1rio.<\/strong><\/h2>\n<div class=\"mc-column content-text active-extra-styles \" data-block-type=\"unstyled\" data-block-weight=\"33\" data-block-id=\"2\">\n<p class=\"content-text__container \" style=\"text-align: justify;\" data-track-category=\"Link no Texto\" data-track-links=\"\">Um acidente entre um caminh\u00e3o e um \u00f4nibus deixou 11 mortos e 17 feridos, na BR-365, em Pirapora, segundo a Pol\u00edcia Rodovi\u00e1ria Federal (PRF). O fato ocorreu na madrugada deste domingo (22).<\/p>\n<\/div>\n<div class=\"wall protected-content\">\n<div class=\"mc-column content-text active-extra-styles \" style=\"text-align: justify;\" data-block-type=\"unstyled\" data-block-weight=\"61\" data-block-id=\"3\">\n<p class=\"content-text__container \" data-track-category=\"Link no Texto\" data-track-links=\"\">Os 11 mortos, que morreram no local do acidente, estavam entre os 27 ocupantes do \u00f4nibus, todos homens, que seguia de Salvador, na Bahia sentido Porecatu, no Paran\u00e1 (PR), de acordo com o Corpo de Bombeiros. J\u00e1 o caminh\u00e3o seguia do munic\u00edpio de S\u00e3o Gotardo, em Minas Gerais, sentido Sergipe. Os corpos foram encaminhados para o IML de Pirapora.<\/p>\n<\/div>\n<div class=\"mc-column content-text active-extra-styles \" style=\"text-align: justify;\" data-block-type=\"unstyled\" data-block-weight=\"30\" data-block-id=\"4\">\n<p class=\"content-text__container \" data-track-category=\"Link no Texto\" data-track-links=\"\"><strong><em>(Corre\u00e7\u00e3o: O G1 errou ao informa\u00e7\u00e3o que o \u00f4nibus seguia para Paracatu, em Minas Gerais. Na verdade, o ve\u00edculo seguia para Porecatu, no Paran\u00e1. A informa\u00e7\u00e3o foi corrigida \u00e0s 14h35).<\/em><\/strong><\/p>\n<\/div>\n<div class=\"mc-column content-text active-extra-styles \" style=\"text-align: justify;\" data-block-type=\"unstyled\" data-block-weight=\"51\" data-block-id=\"5\">\n<p class=\"content-text__container \" data-track-category=\"Link no Texto\" data-track-links=\"\">Segundo o Samu e o Corpo de Bombeiros, 16 v\u00edtimas foram encaminhadas \u00e0 Funda\u00e7\u00e3o Hospitalar Dr. Mois\u00e9s Magalh\u00e3es Freire, em Pirapora, e um homem de 27 anos foi levado em estado grave com traumatismo craniano \u00e0 Santa Casa, em Montes Claros. O\u00a0<strong>G1\u00a0<\/strong>tenta contato com a Santa Casa.<\/p>\n<\/div>\n<div class=\"mc-column content-text active-extra-styles \" style=\"text-align: justify;\" data-block-type=\"unstyled\" data-block-weight=\"34\" data-block-id=\"6\">\n<p class=\"content-text__container \" data-track-category=\"Link no Texto\" data-track-links=\"\">Em nota, a Funda\u00e7\u00e3o Hospitalar Dr. Mois\u00e9s Magalh\u00e3es Freire informou que s\u00f3 recebeu 15 v\u00edtimas do acidente. O\u00a0<strong>G1<\/strong>\u00a0tenta esclarecer junto aos socorristas e Funda\u00e7\u00e3o Hospitalar onde se encontra a 17\u00aa v\u00edtima.<\/p>\n<\/div>\n<div class=\"content-ads content-ads--reveal\" style=\"text-align: justify;\" data-block-type=\"ads\" data-block-id=\"7\"><\/div>\n<div class=\"mc-column content-text active-extra-styles \" style=\"text-align: justify;\" data-block-type=\"unstyled\" data-block-weight=\"33\" data-block-id=\"8\">\n<p class=\"content-text__container \" data-track-category=\"Link no Texto\" data-track-links=\"\">Dos 15 pacientes recebidos, segundo a Funda\u00e7\u00e3o Hospitalar, um deles, ap\u00f3s avalia\u00e7\u00e3o m\u00e9dica, imediatamente, foi transferido para Montes Claros. &#8220;Outra v\u00edtima est\u00e1 estado grave no Centro de Tratamento Intensivo (CTI)&#8221;, disse a unidade.<\/p>\n<\/div>\n<div class=\"mc-column content-text active-extra-styles \" style=\"text-align: justify;\" data-block-type=\"unstyled\" data-block-weight=\"40\" data-block-id=\"9\">\n<p class=\"content-text__container \" data-track-category=\"Link no Texto\" data-track-links=\"\">Ainda segundo o hospital, tr\u00eas pacientes passaram por cirurgia e ser\u00e1 realizado procedimento cir\u00fargico em mais um atendido. Est\u00e3o sob avalia\u00e7\u00e3o m\u00e9dica sete pessoas, que apresentaram ferimentos mais leves. At\u00e9 as 12 horas deste domingo, tr\u00eas pessoas foram liberadas.<\/p>\n<\/div>\n<div class=\"mc-column content-text active-extra-styles \" style=\"text-align: justify;\" data-block-type=\"unstyled\" data-block-weight=\"29\" data-block-id=\"10\">\n<p class=\"content-text__container \" data-track-category=\"Link no Texto\" data-track-links=\"\">Sobre o acidente, em nota, a PRF informou que, segundo levantamento preliminar, o \u00f4nibus invadiu parte da pista no sentido contr\u00e1rio quando colidiu contra o caminh\u00e3o, que transportava repolhos.<\/p>\n<\/div>\n<div class=\"mc-column content-text active-extra-styles \" style=\"text-align: justify;\" data-block-type=\"unstyled\" data-block-weight=\"52\" data-block-id=\"11\">\n<p class=\"content-text__container \" data-track-category=\"Link no Texto\" data-track-links=\"\">Segundo a Pol\u00edcia Rodovi\u00e1ria Federal, no \u00f4nibus foi detectado que o diagrama do tac\u00f3grafo estava vencido, n\u00e3o sendo poss\u00edvel verificar h\u00e1 quanto tempo o motorista estava na dire\u00e7\u00e3o do ve\u00edculo. A PRF refor\u00e7a que n\u00e3o \u00e9 poss\u00edvel inferir culpa a nenhum dos ve\u00edculos at\u00e9 que os trabalhos de per\u00edcia estejam conclu\u00eddos.<\/p>\n<\/div>\n<div class=\"mc-column content-text active-extra-styles \" style=\"text-align: justify;\" data-block-type=\"unstyled\" data-block-weight=\"7\" data-block-id=\"12\">\n<p class=\"content-text__container \" data-track-category=\"Link no Texto\" data-track-links=\"\">O tr\u00e2nsito na pista j\u00e1 foi liberado.<\/p>\n<\/div>\n<div class=\"mc-column content-text active-extra-styles\" style=\"text-align: justify;\" data-block-type=\"raw\" data-block-weight=\"3\" data-block-id=\"13\">\n<div class=\"content-intertitle\">\n<h2>Empresa de \u00f4nibus<\/h2>\n<\/div>\n<\/div>\n<div class=\"mc-column content-text active-extra-styles \" style=\"text-align: justify;\" data-block-type=\"unstyled\" data-block-weight=\"42\" data-block-id=\"14\">\n<p class=\"content-text__container \" data-track-category=\"Link no Texto\" data-track-links=\"\">A empresa TRANS DPM informou, por meio de nota, que ao tomar conhecimento do acidente envolvendo um de seus micro-\u00f4nibus, imediatamente enviou representantes da empresa ao munic\u00edpio de Pirapora para prestar assist\u00eancia \u00e0s v\u00edtimas e ajudar as autoridades a esclarecer os fatos.<\/p>\n<\/div>\n<div class=\"mc-column content-text active-extra-styles \" data-block-type=\"unstyled\" data-block-weight=\"70\" data-block-id=\"15\">\n<p class=\"content-text__container \" style=\"text-align: justify;\" data-track-category=\"Link no Texto\" data-track-links=\"\"><em>&#8220;Segundo informa\u00e7\u00f5es repassadas pela pol\u00edcia de MG, o acidente causou a morte de 11 pessoas, dentre elas os dois motoristas da empresa e 9 passageiros, e ferimentos em 17 pessoas entre passageiros e o motorista do caminh\u00e3o que foram socorridas e levadas para hospitais da regi\u00e3o onde passam a receber os devidos cuidados m\u00e9dicos. A empresa TRANS DPM informa que prestar\u00e1 toda assist\u00eancia poss\u00edvel \u00e0s v\u00edtimas e aos seus familiares&#8221;.<\/em><\/p>\n<p style=\"text-align: justify;\" data-track-category=\"Link no Texto\" data-track-links=\"\">Fonte: G1<\/p>\n<\/div>\n<\/div>\n","protected":false},"excerpt":{"rendered":"<p>V\u00edtimas morreram no local do acidente. Elas estavam entre os 27 ocupantes do \u00f4nibus que seguia do estado da Bahia sentido Porecatu, no Paran\u00e1. PRF informou que, segundo levantamento preliminar, o \u00f4nibus invadiu pista sentido contr\u00e1rio. Um acidente entre um caminh\u00e3o e um \u00f4nibus deixou 11 mortos e 17 feridos, na BR-365, em Pirapora, segundo [&hellip;]<\/p>\n","protected":false},"author":1,"featured_media":21945,"comment_status":"closed","ping_status":"open","sticky":false,"template":"","format":"standard","meta":{"footnotes":""},"categories":[170,110],"tags":[],"class_list":["post-21944","post","type-post","status-publish","format-standard","has-post-thumbnail","hentry","category-acidentes","category-noticiasdestaque"],"_links":{"self":[{"href":"https:\/\/jorgezanoni.com.br\/2019\/wp-json\/wp\/v2\/posts\/21944","targetHints":{"allow":["GET"]}}],"collection":[{"href":"https:\/\/jorgezanoni.com.br\/2019\/wp-json\/wp\/v2\/posts"}],"about":[{"href":"https:\/\/jorgezanoni.com.br\/2019\/wp-json\/wp\/v2\/types\/post"}],"author":[{"embeddable":true,"href":"https:\/\/jorgezanoni.com.br\/2019\/wp-json\/wp\/v2\/users\/1"}],"replies":[{"embeddable":true,"href":"https:\/\/jorgezanoni.com.br\/2019\/wp-json\/wp\/v2\/comments?post=21944"}],"version-history":[{"count":0,"href":"https:\/\/jorgezanoni.com.br\/2019\/wp-json\/wp\/v2\/posts\/21944\/revisions"}],"wp:featuredmedia":[{"embeddable":true,"href":"https:\/\/jorgezanoni.com.br\/2019\/wp-json\/wp\/v2\/media\/21945"}],"wp:attachment":[{"href":"https:\/\/jorgezanoni.com.br\/2019\/wp-json\/wp\/v2\/media?parent=21944"}],"wp:term":[{"taxonomy":"category","embeddable":true,"href":"https:\/\/jorgezanoni.com.br\/2019\/wp-json\/wp\/v2\/categories?post=21944"},{"taxonomy":"post_tag","embeddable":true,"href":"https:\/\/jorgezanoni.com.br\/2019\/wp-json\/wp\/v2\/tags?post=21944"}],"curies":[{"name":"wp","href":"https:\/\/api.w.org\/{rel}","templated":true}]}}