{"id":21939,"date":"2020-03-22T22:27:32","date_gmt":"2020-03-22T22:27:32","guid":{"rendered":"https:\/\/jorgezanoni.com.br\/2019\/?p=21939"},"modified":"2020-03-22T22:27:32","modified_gmt":"2020-03-22T22:27:32","slug":"reclamacao-da-populacao-terreno-com-mato-mais-alto-que-muro-no-jardim-bela-vista","status":"publish","type":"post","link":"https:\/\/jorgezanoni.com.br\/2019\/reclamacao-da-populacao-terreno-com-mato-mais-alto-que-muro-no-jardim-bela-vista\/","title":{"rendered":"Reclama\u00e7\u00e3o da Popula\u00e7\u00e3o: Terreno com mato mais alto que muro no jardim Bela Vista"},"content":{"rendered":"<p style=\"text-align: justify;\">Moradores do jardim Bela Vista enviam imagens para a reda\u00e7\u00e3o do Site JZ, reclamando que existem diversos terrenos na bairro com muito mato.<\/p>\n<p style=\"text-align: justify;\">Tem alguns que j\u00e1 passaram a altura dos muros, inclusive com p\u00e9s de mamonas alto, como esses nas fotos na rua Tom\u00e1s Curcio.<\/p>\n<p><img loading=\"lazy\" decoding=\"async\" class=\"alignnone size-full wp-image-21940\" src=\"https:\/\/jorgezanoni.com.br\/2019\/wp-content\/uploads\/2020\/03\/bela-1.jpg\" alt=\"\" width=\"719\" height=\"1280\" srcset=\"https:\/\/jorgezanoni.com.br\/2019\/wp-content\/uploads\/2020\/03\/bela-1.jpg 719w, https:\/\/jorgezanoni.com.br\/2019\/wp-content\/uploads\/2020\/03\/bela-1-169x300.jpg 169w, https:\/\/jorgezanoni.com.br\/2019\/wp-content\/uploads\/2020\/03\/bela-1-575x1024.jpg 575w, https:\/\/jorgezanoni.com.br\/2019\/wp-content\/uploads\/2020\/03\/bela-1-696x1239.jpg 696w, https:\/\/jorgezanoni.com.br\/2019\/wp-content\/uploads\/2020\/03\/bela-1-236x420.jpg 236w\" sizes=\"auto, (max-width: 719px) 100vw, 719px\" \/><img loading=\"lazy\" decoding=\"async\" class=\"alignnone size-full wp-image-21941\" src=\"https:\/\/jorgezanoni.com.br\/2019\/wp-content\/uploads\/2020\/03\/bela2-1.jpg\" alt=\"\" width=\"1280\" height=\"719\" srcset=\"https:\/\/jorgezanoni.com.br\/2019\/wp-content\/uploads\/2020\/03\/bela2-1.jpg 1280w, https:\/\/jorgezanoni.com.br\/2019\/wp-content\/uploads\/2020\/03\/bela2-1-300x169.jpg 300w, https:\/\/jorgezanoni.com.br\/2019\/wp-content\/uploads\/2020\/03\/bela2-1-768x431.jpg 768w, https:\/\/jorgezanoni.com.br\/2019\/wp-content\/uploads\/2020\/03\/bela2-1-1024x575.jpg 1024w, https:\/\/jorgezanoni.com.br\/2019\/wp-content\/uploads\/2020\/03\/bela2-1-696x391.jpg 696w, https:\/\/jorgezanoni.com.br\/2019\/wp-content\/uploads\/2020\/03\/bela2-1-1068x600.jpg 1068w, https:\/\/jorgezanoni.com.br\/2019\/wp-content\/uploads\/2020\/03\/bela2-1-748x420.jpg 748w\" sizes=\"auto, (max-width: 1280px) 100vw, 1280px\" \/><\/p>\n<p style=\"text-align: justify;\">Dizem que j\u00e1 falaram com os setores competentes, por\u00e9m que nenhuma provid\u00eancia foi tomada at\u00e9 o presente momento. Est\u00e3o aguardando com urg\u00eancia.<\/p>\n<p style=\"text-align: justify;\">Jorge Zanoni<\/p>\n<p style=\"text-align: justify;\">Fotos de Internauta<\/p>\n<p>&nbsp;<\/p>\n<p>&nbsp;<\/p>\n","protected":false},"excerpt":{"rendered":"<p>Moradores do jardim Bela Vista enviam imagens para a reda\u00e7\u00e3o do Site JZ, reclamando que existem diversos terrenos na bairro com muito mato. Tem alguns que j\u00e1 passaram a altura dos muros, inclusive com p\u00e9s de mamonas alto, como esses nas fotos na rua Tom\u00e1s Curcio. Dizem que j\u00e1 falaram com os setores competentes, por\u00e9m [&hellip;]<\/p>\n","protected":false},"author":1,"featured_media":21942,"comment_status":"closed","ping_status":"open","sticky":false,"template":"","format":"standard","meta":{"footnotes":""},"categories":[179,184,110],"tags":[],"class_list":["post-21939","post","type-post","status-publish","format-standard","has-post-thumbnail","hentry","category-cidadeseregiao","category-dracena","category-noticiasdestaque"],"_links":{"self":[{"href":"https:\/\/jorgezanoni.com.br\/2019\/wp-json\/wp\/v2\/posts\/21939","targetHints":{"allow":["GET"]}}],"collection":[{"href":"https:\/\/jorgezanoni.com.br\/2019\/wp-json\/wp\/v2\/posts"}],"about":[{"href":"https:\/\/jorgezanoni.com.br\/2019\/wp-json\/wp\/v2\/types\/post"}],"author":[{"embeddable":true,"href":"https:\/\/jorgezanoni.com.br\/2019\/wp-json\/wp\/v2\/users\/1"}],"replies":[{"embeddable":true,"href":"https:\/\/jorgezanoni.com.br\/2019\/wp-json\/wp\/v2\/comments?post=21939"}],"version-history":[{"count":0,"href":"https:\/\/jorgezanoni.com.br\/2019\/wp-json\/wp\/v2\/posts\/21939\/revisions"}],"wp:featuredmedia":[{"embeddable":true,"href":"https:\/\/jorgezanoni.com.br\/2019\/wp-json\/wp\/v2\/media\/21942"}],"wp:attachment":[{"href":"https:\/\/jorgezanoni.com.br\/2019\/wp-json\/wp\/v2\/media?parent=21939"}],"wp:term":[{"taxonomy":"category","embeddable":true,"href":"https:\/\/jorgezanoni.com.br\/2019\/wp-json\/wp\/v2\/categories?post=21939"},{"taxonomy":"post_tag","embeddable":true,"href":"https:\/\/jorgezanoni.com.br\/2019\/wp-json\/wp\/v2\/tags?post=21939"}],"curies":[{"name":"wp","href":"https:\/\/api.w.org\/{rel}","templated":true}]}}