{"id":21936,"date":"2020-03-22T22:09:22","date_gmt":"2020-03-22T22:09:22","guid":{"rendered":"https:\/\/jorgezanoni.com.br\/2019\/?p=21936"},"modified":"2020-03-22T22:09:22","modified_gmt":"2020-03-22T22:09:22","slug":"homem-esta-internado-no-isolamento-em-adamantina-com-suspeita-de-coronavirus","status":"publish","type":"post","link":"https:\/\/jorgezanoni.com.br\/2019\/homem-esta-internado-no-isolamento-em-adamantina-com-suspeita-de-coronavirus\/","title":{"rendered":"Homem est\u00e1 internado no isolamento em Adamantina com suspeita de Coronav\u00edrus"},"content":{"rendered":"<p style=\"text-align: justify;\">Um homem de 31 anos de idade foi internado e est\u00e1 em isolamento na Santa Casa de Adamantina com suspeita do Coronav\u00edrus.<\/p>\n<p style=\"text-align: justify;\">A Secretaria Municipal de Sa\u00fade de Adamantina confirmou o caso por volta das 18h deste domingo (22).<\/p>\n<p style=\"text-align: justify;\">Foram colhidas amostras biol\u00f3gicas do paciente que ser\u00e3o encaminhadas para exames no Instituto Adolpho Lutz visando confirmar ou descartar o caso.<\/p>\n<p style=\"text-align: justify;\">Gustavo Taniguchi Rufino, secret\u00e1rio de sa\u00fade informou que o paciente apresentou o quadro de insufici\u00eancia respirat\u00f3ria.<\/p>\n<p style=\"text-align: justify;\">Fonte e Foto Arquivo\/Adamantina Net<\/p>\n","protected":false},"excerpt":{"rendered":"<p>Um homem de 31 anos de idade foi internado e est\u00e1 em isolamento na Santa Casa de Adamantina com suspeita do Coronav\u00edrus. A Secretaria Municipal de Sa\u00fade de Adamantina confirmou o caso por volta das 18h deste domingo (22). Foram colhidas amostras biol\u00f3gicas do paciente que ser\u00e3o encaminhadas para exames no Instituto Adolpho Lutz visando [&hellip;]<\/p>\n","protected":false},"author":1,"featured_media":21937,"comment_status":"closed","ping_status":"open","sticky":false,"template":"","format":"standard","meta":{"footnotes":""},"categories":[195,179,110],"tags":[],"class_list":["post-21936","post","type-post","status-publish","format-standard","has-post-thumbnail","hentry","category-adamantina","category-cidadeseregiao","category-noticiasdestaque"],"_links":{"self":[{"href":"https:\/\/jorgezanoni.com.br\/2019\/wp-json\/wp\/v2\/posts\/21936","targetHints":{"allow":["GET"]}}],"collection":[{"href":"https:\/\/jorgezanoni.com.br\/2019\/wp-json\/wp\/v2\/posts"}],"about":[{"href":"https:\/\/jorgezanoni.com.br\/2019\/wp-json\/wp\/v2\/types\/post"}],"author":[{"embeddable":true,"href":"https:\/\/jorgezanoni.com.br\/2019\/wp-json\/wp\/v2\/users\/1"}],"replies":[{"embeddable":true,"href":"https:\/\/jorgezanoni.com.br\/2019\/wp-json\/wp\/v2\/comments?post=21936"}],"version-history":[{"count":0,"href":"https:\/\/jorgezanoni.com.br\/2019\/wp-json\/wp\/v2\/posts\/21936\/revisions"}],"wp:featuredmedia":[{"embeddable":true,"href":"https:\/\/jorgezanoni.com.br\/2019\/wp-json\/wp\/v2\/media\/21937"}],"wp:attachment":[{"href":"https:\/\/jorgezanoni.com.br\/2019\/wp-json\/wp\/v2\/media?parent=21936"}],"wp:term":[{"taxonomy":"category","embeddable":true,"href":"https:\/\/jorgezanoni.com.br\/2019\/wp-json\/wp\/v2\/categories?post=21936"},{"taxonomy":"post_tag","embeddable":true,"href":"https:\/\/jorgezanoni.com.br\/2019\/wp-json\/wp\/v2\/tags?post=21936"}],"curies":[{"name":"wp","href":"https:\/\/api.w.org\/{rel}","templated":true}]}}