{"id":21914,"date":"2020-03-22T17:54:22","date_gmt":"2020-03-22T17:54:22","guid":{"rendered":"https:\/\/jorgezanoni.com.br\/2019\/?p=21914"},"modified":"2020-03-22T17:54:22","modified_gmt":"2020-03-22T17:54:22","slug":"morre-lila-covas-viuva-de-mario-covas-e-avo-do-prefeito-de-sp","status":"publish","type":"post","link":"https:\/\/jorgezanoni.com.br\/2019\/morre-lila-covas-viuva-de-mario-covas-e-avo-do-prefeito-de-sp\/","title":{"rendered":"Morre Lila Covas, vi\u00fava de Mario Covas e av\u00f3 do prefeito de SP"},"content":{"rendered":"<h2 class=\"content-head__subtitle\" style=\"text-align: justify;\"><strong>O vereador Mario Covas Neto, filho de Lila, comunicou a perda em sua rede social. Ela morreu de causas naturais e n\u00e3o tem nenhuma rela\u00e7\u00e3o com o Covid-19.<\/strong><\/h2>\n<div class=\"mc-column content-text active-extra-styles \" data-block-type=\"unstyled\" data-block-weight=\"56\" data-block-id=\"2\">\n<p class=\"content-text__container \" style=\"text-align: justify;\" data-track-category=\"Link no Texto\" data-track-links=\"\">Florinda Gomes Covas, conhecida como Lila Covas, morreu na noite deste s\u00e1bado (21), aos 87 anos, em S\u00e3o Paulo. Lila \u00e9 vi\u00fava do ex-governador Mario Covas e av\u00f3 do prefeito de S\u00e3o Paulo, Bruno Covas (PSDB). Ela sofria de Mal de Alzheimer e morreu de causas naturais, segundo a fam\u00edlia. O corpo de Lila ser\u00e1 cremado.<\/p>\n<\/div>\n<div class=\"wall protected-content\">\n<div class=\"mc-column content-text active-extra-styles \" style=\"text-align: justify;\" data-block-type=\"unstyled\" data-block-weight=\"16\" data-block-id=\"3\">\n<p class=\"content-text__container \" data-track-category=\"Link no Texto\" data-track-links=\"\">ATUALIZA\u00c7\u00c3O: Inicialmente, informamos que Dona Lila tinha 81 anos e a informa\u00e7\u00e3o foi corrigida \u00e0s 10h30.<\/p>\n<\/div>\n<div class=\"mc-column content-text active-extra-styles \" data-block-type=\"unstyled\" data-block-weight=\"90\" data-block-id=\"4\">\n<p class=\"content-text__container \" style=\"text-align: justify;\" data-track-category=\"Link no Texto\" data-track-links=\"\">O an\u00fancio foi feito pelo seu filho, o vereador Mario Covas Neto (Podemos), em uma rede social nesta manh\u00e3. \u201c\u00c9 com profundo pesar e tristeza que comunicamos o falecimento de nossa m\u00e3e Lila Covas. N\u00e3o haver\u00e1 cerim\u00f4nia f\u00fanebre, em respeito ao atual momento. Assim que poss\u00edvel faremos as merecidas homenagens\u201d, disse. Como Dona Lila era muito querida, a fam\u00edlia ficou com receio de fazer uma cerim\u00f4nia e que as pessoas descumprirem o per\u00edodo de quarentena imposto pelo coronav\u00edrus. A morte dela n\u00e3o tem nenhuma rela\u00e7\u00e3o com o Covid-19.<\/p>\n<p style=\"text-align: justify;\" data-track-category=\"Link no Texto\" data-track-links=\"\"><img loading=\"lazy\" decoding=\"async\" class=\"alignnone size-full wp-image-21916\" src=\"https:\/\/jorgezanoni.com.br\/2019\/wp-content\/uploads\/2020\/03\/lila1.jpg\" alt=\"\" width=\"640\" height=\"440\" srcset=\"https:\/\/jorgezanoni.com.br\/2019\/wp-content\/uploads\/2020\/03\/lila1.jpg 640w, https:\/\/jorgezanoni.com.br\/2019\/wp-content\/uploads\/2020\/03\/lila1-300x206.jpg 300w, https:\/\/jorgezanoni.com.br\/2019\/wp-content\/uploads\/2020\/03\/lila1-100x70.jpg 100w, https:\/\/jorgezanoni.com.br\/2019\/wp-content\/uploads\/2020\/03\/lila1-218x150.jpg 218w, https:\/\/jorgezanoni.com.br\/2019\/wp-content\/uploads\/2020\/03\/lila1-611x420.jpg 611w\" sizes=\"auto, (max-width: 640px) 100vw, 640px\" \/><\/p>\n<p style=\"text-align: justify;\" data-track-category=\"Link no Texto\" data-track-links=\"\">Dona Lila e o marido Mario Covas no Metr\u00f4 de S\u00e3o Paulo \u2014 Foto: Reprodu\u00e7\u00e3o<\/p>\n<div class=\"mc-column content-text active-extra-styles \" style=\"text-align: justify;\" data-block-type=\"unstyled\" data-block-weight=\"71\" data-block-id=\"7\">\n<p class=\"content-text__container \" data-track-category=\"Link no Texto\" data-track-links=\"\">Bruno Covas tamb\u00e9m lamentou a morte da av\u00f3 em seu perfil em uma rede social. &#8220;Dia de muita tristeza. O mundo perde uma mulher guerreira que me ensinou a ajudar os mais necessitados. Eu, minha av\u00f3 que me ajudou tanto quando vim morar em S\u00e3o Paulo. Minha fam\u00edlia decidiu que n\u00e3o vai fazer nenhuma cerim\u00f4nia nesse momento de pandemia que vivemos. Mas pe\u00e7o a todos um momento de sil\u00eancio e ora\u00e7\u00e3o.&#8221;<\/p>\n<\/div>\n<div class=\"mc-column content-text active-extra-styles \" style=\"text-align: justify;\" data-block-type=\"unstyled\" data-block-weight=\"37\" data-block-id=\"8\">\n<p class=\"content-text__container \" data-track-category=\"Link no Texto\" data-track-links=\"\">Em nota, &#8220;a Prefeitura de S\u00e3o Paulo comunica com pesar o falecimento de D.Lila Covas, av\u00f3 do prefeito Bruno Covas, e informa que n\u00e3o haver\u00e1 cerim\u00f4nia f\u00fanebre, em respeito \u00e0 recomenda\u00e7\u00e3o de recolhimento de toda a popula\u00e7\u00e3o&#8221;.<\/p>\n<\/div>\n<div class=\"mc-column content-text active-extra-styles \" style=\"text-align: justify;\" data-block-type=\"unstyled\" data-block-weight=\"45\" data-block-id=\"9\">\n<p class=\"content-text__container \" data-track-category=\"Link no Texto\" data-track-links=\"\">O vereador Covas Neto pede que todos fa\u00e7am \u201cum pensamento elevado em sua mem\u00f3ria, segundo a cren\u00e7a de cada um&#8221;. De acordo com a assessoria de imprensa do vereador, Lila dormiu e n\u00e3o acordou. Ela morava em uma cl\u00ednica de idosos na capital paulista.<\/p>\n<\/div>\n<div class=\"mc-column content-text active-extra-styles \" data-block-type=\"unstyled\" data-block-weight=\"12\" data-block-id=\"10\">\n<p class=\"content-text__container \" style=\"text-align: justify;\" data-track-category=\"Link no Texto\" data-track-links=\"\">Ela deixa dois filhos, Mario e Renata, cinco netos e um bisneto.<\/p>\n<p style=\"text-align: justify;\" data-track-category=\"Link no Texto\" data-track-links=\"\">Fonte: G1<\/p>\n<\/div>\n<\/div>\n<\/div>\n","protected":false},"excerpt":{"rendered":"<p>O vereador Mario Covas Neto, filho de Lila, comunicou a perda em sua rede social. Ela morreu de causas naturais e n\u00e3o tem nenhuma rela\u00e7\u00e3o com o Covid-19. Florinda Gomes Covas, conhecida como Lila Covas, morreu na noite deste s\u00e1bado (21), aos 87 anos, em S\u00e3o Paulo. Lila \u00e9 vi\u00fava do ex-governador Mario Covas e [&hellip;]<\/p>\n","protected":false},"author":1,"featured_media":21915,"comment_status":"closed","ping_status":"open","sticky":false,"template":"","format":"standard","meta":{"footnotes":""},"categories":[178,110],"tags":[],"class_list":["post-21914","post","type-post","status-publish","format-standard","has-post-thumbnail","hentry","category-notadefalecimento","category-noticiasdestaque"],"_links":{"self":[{"href":"https:\/\/jorgezanoni.com.br\/2019\/wp-json\/wp\/v2\/posts\/21914","targetHints":{"allow":["GET"]}}],"collection":[{"href":"https:\/\/jorgezanoni.com.br\/2019\/wp-json\/wp\/v2\/posts"}],"about":[{"href":"https:\/\/jorgezanoni.com.br\/2019\/wp-json\/wp\/v2\/types\/post"}],"author":[{"embeddable":true,"href":"https:\/\/jorgezanoni.com.br\/2019\/wp-json\/wp\/v2\/users\/1"}],"replies":[{"embeddable":true,"href":"https:\/\/jorgezanoni.com.br\/2019\/wp-json\/wp\/v2\/comments?post=21914"}],"version-history":[{"count":0,"href":"https:\/\/jorgezanoni.com.br\/2019\/wp-json\/wp\/v2\/posts\/21914\/revisions"}],"wp:featuredmedia":[{"embeddable":true,"href":"https:\/\/jorgezanoni.com.br\/2019\/wp-json\/wp\/v2\/media\/21915"}],"wp:attachment":[{"href":"https:\/\/jorgezanoni.com.br\/2019\/wp-json\/wp\/v2\/media?parent=21914"}],"wp:term":[{"taxonomy":"category","embeddable":true,"href":"https:\/\/jorgezanoni.com.br\/2019\/wp-json\/wp\/v2\/categories?post=21914"},{"taxonomy":"post_tag","embeddable":true,"href":"https:\/\/jorgezanoni.com.br\/2019\/wp-json\/wp\/v2\/tags?post=21914"}],"curies":[{"name":"wp","href":"https:\/\/api.w.org\/{rel}","templated":true}]}}