{"id":21901,"date":"2020-03-22T17:16:59","date_gmt":"2020-03-22T17:16:59","guid":{"rendered":"https:\/\/jorgezanoni.com.br\/2019\/?p=21901"},"modified":"2020-03-22T17:19:08","modified_gmt":"2020-03-22T17:19:08","slug":"reclamacao-da-populacao-rua-que-passa-atras-do-bosque-no-brasilandia-ta-um-lixo","status":"publish","type":"post","link":"https:\/\/jorgezanoni.com.br\/2019\/reclamacao-da-populacao-rua-que-passa-atras-do-bosque-no-brasilandia-ta-um-lixo\/","title":{"rendered":"Reclama\u00e7\u00e3o da Popula\u00e7\u00e3o: Rua que passa atr\u00e1s do Bosque no Brasil\u00e2ndia t\u00e1 um lixo"},"content":{"rendered":"<p style=\"text-align: justify;\">Morador das imedia\u00e7\u00f5es do Parque do Bosque envia imagens de como est\u00e1 a rua que liga o jardim Brasil\u00e2ndia, passando pelos fundos do jardim Santa M\u00f4nica para ligar a vicinal Jo\u00e3o Ara\u00fajo.<\/p>\n<p style=\"text-align: justify;\">Pede que seja efetuado limpeza do local, tapado os buracos e se poss\u00edvel que fa\u00e7a um peda\u00e7o pequeno de asfalto para concluir a importante liga\u00e7\u00e3o.<\/p>\n<p style=\"text-align: justify;\">Espera provid\u00eancia urgentes.<\/p>\n<p><img loading=\"lazy\" decoding=\"async\" class=\"alignnone size-full wp-image-21902\" src=\"https:\/\/jorgezanoni.com.br\/2019\/wp-content\/uploads\/2020\/03\/lixo-1.jpg\" alt=\"\" width=\"1032\" height=\"581\" srcset=\"https:\/\/jorgezanoni.com.br\/2019\/wp-content\/uploads\/2020\/03\/lixo-1.jpg 1032w, https:\/\/jorgezanoni.com.br\/2019\/wp-content\/uploads\/2020\/03\/lixo-1-300x169.jpg 300w, https:\/\/jorgezanoni.com.br\/2019\/wp-content\/uploads\/2020\/03\/lixo-1-768x432.jpg 768w, https:\/\/jorgezanoni.com.br\/2019\/wp-content\/uploads\/2020\/03\/lixo-1-1024x576.jpg 1024w, https:\/\/jorgezanoni.com.br\/2019\/wp-content\/uploads\/2020\/03\/lixo-1-696x392.jpg 696w, https:\/\/jorgezanoni.com.br\/2019\/wp-content\/uploads\/2020\/03\/lixo-1-746x420.jpg 746w\" sizes=\"auto, (max-width: 1032px) 100vw, 1032px\" \/><\/p>\n<p style=\"text-align: justify;\">Jorge Zanoni<\/p>\n<p style=\"text-align: justify;\">Fotos de Internauta<\/p>\n","protected":false},"excerpt":{"rendered":"<p>Morador das imedia\u00e7\u00f5es do Parque do Bosque envia imagens de como est\u00e1 a rua que liga o jardim Brasil\u00e2ndia, passando pelos fundos do jardim Santa M\u00f4nica para ligar a vicinal Jo\u00e3o Ara\u00fajo. Pede que seja efetuado limpeza do local, tapado os buracos e se poss\u00edvel que fa\u00e7a um peda\u00e7o pequeno de asfalto para concluir a [&hellip;]<\/p>\n","protected":false},"author":1,"featured_media":21904,"comment_status":"closed","ping_status":"open","sticky":false,"template":"","format":"standard","meta":{"footnotes":""},"categories":[179,184,110],"tags":[],"class_list":["post-21901","post","type-post","status-publish","format-standard","has-post-thumbnail","hentry","category-cidadeseregiao","category-dracena","category-noticiasdestaque"],"_links":{"self":[{"href":"https:\/\/jorgezanoni.com.br\/2019\/wp-json\/wp\/v2\/posts\/21901","targetHints":{"allow":["GET"]}}],"collection":[{"href":"https:\/\/jorgezanoni.com.br\/2019\/wp-json\/wp\/v2\/posts"}],"about":[{"href":"https:\/\/jorgezanoni.com.br\/2019\/wp-json\/wp\/v2\/types\/post"}],"author":[{"embeddable":true,"href":"https:\/\/jorgezanoni.com.br\/2019\/wp-json\/wp\/v2\/users\/1"}],"replies":[{"embeddable":true,"href":"https:\/\/jorgezanoni.com.br\/2019\/wp-json\/wp\/v2\/comments?post=21901"}],"version-history":[{"count":0,"href":"https:\/\/jorgezanoni.com.br\/2019\/wp-json\/wp\/v2\/posts\/21901\/revisions"}],"wp:featuredmedia":[{"embeddable":true,"href":"https:\/\/jorgezanoni.com.br\/2019\/wp-json\/wp\/v2\/media\/21904"}],"wp:attachment":[{"href":"https:\/\/jorgezanoni.com.br\/2019\/wp-json\/wp\/v2\/media?parent=21901"}],"wp:term":[{"taxonomy":"category","embeddable":true,"href":"https:\/\/jorgezanoni.com.br\/2019\/wp-json\/wp\/v2\/categories?post=21901"},{"taxonomy":"post_tag","embeddable":true,"href":"https:\/\/jorgezanoni.com.br\/2019\/wp-json\/wp\/v2\/tags?post=21901"}],"curies":[{"name":"wp","href":"https:\/\/api.w.org\/{rel}","templated":true}]}}