{"id":21858,"date":"2020-03-22T02:00:05","date_gmt":"2020-03-22T02:00:05","guid":{"rendered":"https:\/\/jorgezanoni.com.br\/2019\/?p=21858"},"modified":"2020-03-22T02:00:05","modified_gmt":"2020-03-22T02:00:05","slug":"continuamos-trabalhando-muito-por-voce-forca-tatica-prende-homem-por-trafico-de-drogas","status":"publish","type":"post","link":"https:\/\/jorgezanoni.com.br\/2019\/continuamos-trabalhando-muito-por-voce-forca-tatica-prende-homem-por-trafico-de-drogas\/","title":{"rendered":"Continuamos trabalhando muito por voc\u00ea: For\u00e7a T\u00e1tica prende homem por Tr\u00e1fico de Drogas"},"content":{"rendered":"<p style=\"text-align: justify;\">DURANTE DESLOCAMENTO PELA RODOVIA SP-294 AS EQUIPES DE FOR\u00c7A T\u00c1TICA AVISTARAM O VE\u00cdCULO DE PLACAS DE PIRACICABA\/SP TRAFEGANDO SENTIDO DRACENA\/JUNQUEIR\u00d3POLIS, MOMENTO EM QUE FOI ABORDADO, NESTE MOMENTO FOI AVISTADO O PASSAGEIRO ARREMESSAR ALGO PELA JANELA, E AP\u00d3S UNS 500 METROS O CONDUTOR PAROU O VE\u00cdCULO. FOI REALIZADO A BUSCA PESSOAL EM AMBOS, POR\u00c9M NADA DE IL\u00cdCITO FOI ENCONTRADO, AP\u00d3S INDAGAR O PASSAGEIRO, CONFESSOU TER ARREMESSADO AS DROGAS E INFORMOU AINDA QUE ADQUIRIU NA CIDADE DE DRACENA, NO BAIRRO BRASIL\u00c2NDIA DE UM INDIV\u00cdDUO E QUE TERIA PAGO R$ 150,00 E PAGARIA POSTERIOR MAIS R$ 300,00. DADO VOZ DE PRIS\u00c3O AO PASSAGEIRO E CONDUTOR SENDO RATIFICADO A VOZ DE PRIS\u00c3O A AMBOS FICANDO A DISPOSI\u00c7\u00c3O DA JUSTI\u00c7A PELO CRIME DE TR\u00c1FICO DE DROGAS.<\/p>\n<p style=\"text-align: justify;\">Local : SP -294 Km 639 &#8211; Cidade: Junqueir\u00f3polis \/Sp *Hor\u00e1rio *: 20:00hs<\/p>\n<p style=\"text-align: justify;\">Autor: 02 Indiv\u00edduos masculino, 28 e 37 anos<\/p>\n<p style=\"text-align: justify;\">Apreens\u00f5es:<br \/>\n0,027 kg de coca\u00edna, R$ 87,00 em dinheiro, 02 aparelhos celulares e Ve\u00edculo polo DIW &#8211; 5495<\/p>\n<p style=\"text-align: justify;\">\n","protected":false},"excerpt":{"rendered":"<p>DURANTE DESLOCAMENTO PELA RODOVIA SP-294 AS EQUIPES DE FOR\u00c7A T\u00c1TICA AVISTARAM O VE\u00cdCULO DE PLACAS DE PIRACICABA\/SP TRAFEGANDO SENTIDO DRACENA\/JUNQUEIR\u00d3POLIS, MOMENTO EM QUE FOI ABORDADO, NESTE MOMENTO FOI AVISTADO O PASSAGEIRO ARREMESSAR ALGO PELA JANELA, E AP\u00d3S UNS 500 METROS O CONDUTOR PAROU O VE\u00cdCULO. FOI REALIZADO A BUSCA PESSOAL EM AMBOS, POR\u00c9M NADA DE [&hellip;]<\/p>\n","protected":false},"author":1,"featured_media":21859,"comment_status":"closed","ping_status":"open","sticky":false,"template":"","format":"standard","meta":{"footnotes":""},"categories":[110,2],"tags":[],"class_list":["post-21858","post","type-post","status-publish","format-standard","has-post-thumbnail","hentry","category-noticiasdestaque","category-policial"],"_links":{"self":[{"href":"https:\/\/jorgezanoni.com.br\/2019\/wp-json\/wp\/v2\/posts\/21858","targetHints":{"allow":["GET"]}}],"collection":[{"href":"https:\/\/jorgezanoni.com.br\/2019\/wp-json\/wp\/v2\/posts"}],"about":[{"href":"https:\/\/jorgezanoni.com.br\/2019\/wp-json\/wp\/v2\/types\/post"}],"author":[{"embeddable":true,"href":"https:\/\/jorgezanoni.com.br\/2019\/wp-json\/wp\/v2\/users\/1"}],"replies":[{"embeddable":true,"href":"https:\/\/jorgezanoni.com.br\/2019\/wp-json\/wp\/v2\/comments?post=21858"}],"version-history":[{"count":0,"href":"https:\/\/jorgezanoni.com.br\/2019\/wp-json\/wp\/v2\/posts\/21858\/revisions"}],"wp:featuredmedia":[{"embeddable":true,"href":"https:\/\/jorgezanoni.com.br\/2019\/wp-json\/wp\/v2\/media\/21859"}],"wp:attachment":[{"href":"https:\/\/jorgezanoni.com.br\/2019\/wp-json\/wp\/v2\/media?parent=21858"}],"wp:term":[{"taxonomy":"category","embeddable":true,"href":"https:\/\/jorgezanoni.com.br\/2019\/wp-json\/wp\/v2\/categories?post=21858"},{"taxonomy":"post_tag","embeddable":true,"href":"https:\/\/jorgezanoni.com.br\/2019\/wp-json\/wp\/v2\/tags?post=21858"}],"curies":[{"name":"wp","href":"https:\/\/api.w.org\/{rel}","templated":true}]}}