{"id":2185,"date":"2019-07-26T16:26:41","date_gmt":"2019-07-26T16:26:41","guid":{"rendered":"http:\/\/jorgezanoni.com.br\/2019\/?p=2185"},"modified":"2019-07-26T16:26:41","modified_gmt":"2019-07-26T16:26:41","slug":"policia-rodoviaria-localiza-quase-200-kg-de-maconha-em-porta-malas-de-carro-e-prende-homem-em-rosana","status":"publish","type":"post","link":"https:\/\/jorgezanoni.com.br\/2019\/policia-rodoviaria-localiza-quase-200-kg-de-maconha-em-porta-malas-de-carro-e-prende-homem-em-rosana\/","title":{"rendered":"Pol\u00edcia Rodovi\u00e1ria localiza quase 200 kg de maconha em porta-malas de carro e prende homem, em Rosana"},"content":{"rendered":"<h2 class=\"content-head__subtitle\" style=\"text-align: justify;\"><strong>Droga era transportada em um ve\u00edculo, com placas de Botucatu (SP), que foi abordado na Rodovia Arlindo B\u00e9ttio (SP-613).<\/strong><\/h2>\n<p><img loading=\"lazy\" decoding=\"async\" class=\"alignnone size-full wp-image-2186\" src=\"http:\/\/jorgezanoni.com.br\/2019\/wp-content\/uploads\/2019\/07\/droga.jpeg\" alt=\"\" width=\"1000\" height=\"562\" srcset=\"https:\/\/jorgezanoni.com.br\/2019\/wp-content\/uploads\/2019\/07\/droga.jpeg 1000w, https:\/\/jorgezanoni.com.br\/2019\/wp-content\/uploads\/2019\/07\/droga-300x169.jpeg 300w, https:\/\/jorgezanoni.com.br\/2019\/wp-content\/uploads\/2019\/07\/droga-768x432.jpeg 768w, https:\/\/jorgezanoni.com.br\/2019\/wp-content\/uploads\/2019\/07\/droga-696x391.jpeg 696w, https:\/\/jorgezanoni.com.br\/2019\/wp-content\/uploads\/2019\/07\/droga-747x420.jpeg 747w\" sizes=\"auto, (max-width: 1000px) 100vw, 1000px\" \/><\/p>\n<div class=\"mc-column content-text active-extra-styles \" data-block-type=\"unstyled\" data-block-weight=\"38\" data-block-id=\"2\">\n<p class=\"content-text__container \" style=\"text-align: justify;\" data-track-category=\"Link no Texto\" data-track-links=\"\">Um homem, de 28 anos, foi preso por tr\u00e1fico de droga na Rodovia Arlindo B\u00e9ttio (SP-613), em Rosana, na noite desta quinta-feira (25). No autom\u00f3vel conduzido pelo indiv\u00edduo, a Pol\u00edcia Militar Rodovi\u00e1ria localizou quase 200 quilos de maconha.<\/p>\n<\/div>\n<div class=\"wall protected-content\">\n<div class=\"mc-column content-text active-extra-styles \" style=\"text-align: justify;\" data-block-type=\"unstyled\" data-block-weight=\"35\" data-block-id=\"3\">\n<p class=\"content-text__container \" data-track-category=\"Link no Texto\" data-track-links=\"\">Durante fiscaliza\u00e7\u00e3o de tr\u00e2nsito, a Pol\u00edcia Militar Rodovi\u00e1ria abordou um ve\u00edculo, com placas de Botucatu, e ao vistori\u00e1-lo, os policiais obtiveram \u00eaxito em localizar no porta-malas 199,840 quilos de maconha, dispostos em 207 tabletes.<\/p>\n<\/div>\n<div class=\"mc-column content-text active-extra-styles \" style=\"text-align: justify;\" data-block-type=\"unstyled\" data-block-weight=\"29\" data-block-id=\"4\">\n<p class=\"content-text__container \" data-track-category=\"Link no Texto\" data-track-links=\"\">Questionado, o indiv\u00edduo, que \u00e9 morador em Botucatu, disse que foi contratado para transportar a droga de Ivinhema (MS) at\u00e9 Rio Claro (SP). Pelo servi\u00e7o receberia R$ 15 mil.<\/p>\n<\/div>\n<div class=\"mc-column content-text active-extra-styles \" style=\"text-align: justify;\" data-block-type=\"unstyled\" data-block-weight=\"34\" data-block-id=\"5\">\n<p class=\"content-text__container \" data-track-category=\"Link no Texto\" data-track-links=\"\">Com os fatos, o condutor do carro recebeu voz de pris\u00e3o em flagrante e foi conduzido \u00e0 Delegacia da Pol\u00edcia Civil em Rosana, onde permaneceu em c\u00e1rcere para ser apresentado em audi\u00eancia de cust\u00f3dia.<\/p>\n<\/div>\n<div class=\"mc-column content-text active-extra-styles \" data-block-type=\"unstyled\" data-block-weight=\"11\" data-block-id=\"6\">\n<p class=\"content-text__container \" style=\"text-align: justify;\" data-track-category=\"Link no Texto\" data-track-links=\"\">Se mantida a pris\u00e3o, ele ser\u00e1 encaminhado a uma unidade prisional.<\/p>\n<p data-track-category=\"Link no Texto\" data-track-links=\"\">Fonte: G1<\/p>\n<\/div>\n<\/div>\n","protected":false},"excerpt":{"rendered":"<p>Droga era transportada em um ve\u00edculo, com placas de Botucatu (SP), que foi abordado na Rodovia Arlindo B\u00e9ttio (SP-613). Um homem, de 28 anos, foi preso por tr\u00e1fico de droga na Rodovia Arlindo B\u00e9ttio (SP-613), em Rosana, na noite desta quinta-feira (25). No autom\u00f3vel conduzido pelo indiv\u00edduo, a Pol\u00edcia Militar Rodovi\u00e1ria localizou quase 200 quilos [&hellip;]<\/p>\n","protected":false},"author":1,"featured_media":2187,"comment_status":"open","ping_status":"open","sticky":false,"template":"","format":"standard","meta":{"footnotes":""},"categories":[110,2],"tags":[],"class_list":["post-2185","post","type-post","status-publish","format-standard","has-post-thumbnail","hentry","category-noticiasdestaque","category-policial"],"_links":{"self":[{"href":"https:\/\/jorgezanoni.com.br\/2019\/wp-json\/wp\/v2\/posts\/2185","targetHints":{"allow":["GET"]}}],"collection":[{"href":"https:\/\/jorgezanoni.com.br\/2019\/wp-json\/wp\/v2\/posts"}],"about":[{"href":"https:\/\/jorgezanoni.com.br\/2019\/wp-json\/wp\/v2\/types\/post"}],"author":[{"embeddable":true,"href":"https:\/\/jorgezanoni.com.br\/2019\/wp-json\/wp\/v2\/users\/1"}],"replies":[{"embeddable":true,"href":"https:\/\/jorgezanoni.com.br\/2019\/wp-json\/wp\/v2\/comments?post=2185"}],"version-history":[{"count":0,"href":"https:\/\/jorgezanoni.com.br\/2019\/wp-json\/wp\/v2\/posts\/2185\/revisions"}],"wp:featuredmedia":[{"embeddable":true,"href":"https:\/\/jorgezanoni.com.br\/2019\/wp-json\/wp\/v2\/media\/2187"}],"wp:attachment":[{"href":"https:\/\/jorgezanoni.com.br\/2019\/wp-json\/wp\/v2\/media?parent=2185"}],"wp:term":[{"taxonomy":"category","embeddable":true,"href":"https:\/\/jorgezanoni.com.br\/2019\/wp-json\/wp\/v2\/categories?post=2185"},{"taxonomy":"post_tag","embeddable":true,"href":"https:\/\/jorgezanoni.com.br\/2019\/wp-json\/wp\/v2\/tags?post=2185"}],"curies":[{"name":"wp","href":"https:\/\/api.w.org\/{rel}","templated":true}]}}