{"id":21843,"date":"2020-03-22T00:19:10","date_gmt":"2020-03-22T00:19:10","guid":{"rendered":"https:\/\/jorgezanoni.com.br\/2019\/?p=21843"},"modified":"2020-03-22T00:19:10","modified_gmt":"2020-03-22T00:19:10","slug":"reclamacao-da-populacao-buraco-tem-mais-de-mes-na-rua-nacoes-unidas-na-vila-correia","status":"publish","type":"post","link":"https:\/\/jorgezanoni.com.br\/2019\/reclamacao-da-populacao-buraco-tem-mais-de-mes-na-rua-nacoes-unidas-na-vila-correia\/","title":{"rendered":"Reclama\u00e7\u00e3o da Popula\u00e7\u00e3o: Buraco tem mais de m\u00eas na rua Na\u00e7\u00f5es Unidas na Vila Correia"},"content":{"rendered":"<p style=\"text-align: justify;\">Moradores das imedia\u00e7\u00f5es da rua Na\u00e7\u00f5es Unidas na Vila Correia, reclamam de um buraco aniversariante naquela rua.<\/p>\n<p style=\"text-align: justify;\">Segundo eles, dias que chove fica muito pior. Pedem provid\u00eancias aos respons\u00e1veis para atentar ao problema<\/p>\n<p style=\"text-align: justify;\">Jorge Zanoni<\/p>\n<p style=\"text-align: justify;\">Foto de Internauta<\/p>\n","protected":false},"excerpt":{"rendered":"<p>Moradores das imedia\u00e7\u00f5es da rua Na\u00e7\u00f5es Unidas na Vila Correia, reclamam de um buraco aniversariante naquela rua. Segundo eles, dias que chove fica muito pior. Pedem provid\u00eancias aos respons\u00e1veis para atentar ao problema Jorge Zanoni Foto de Internauta<\/p>\n","protected":false},"author":1,"featured_media":21844,"comment_status":"closed","ping_status":"open","sticky":false,"template":"","format":"standard","meta":{"footnotes":""},"categories":[179,184,110],"tags":[],"class_list":["post-21843","post","type-post","status-publish","format-standard","has-post-thumbnail","hentry","category-cidadeseregiao","category-dracena","category-noticiasdestaque"],"_links":{"self":[{"href":"https:\/\/jorgezanoni.com.br\/2019\/wp-json\/wp\/v2\/posts\/21843","targetHints":{"allow":["GET"]}}],"collection":[{"href":"https:\/\/jorgezanoni.com.br\/2019\/wp-json\/wp\/v2\/posts"}],"about":[{"href":"https:\/\/jorgezanoni.com.br\/2019\/wp-json\/wp\/v2\/types\/post"}],"author":[{"embeddable":true,"href":"https:\/\/jorgezanoni.com.br\/2019\/wp-json\/wp\/v2\/users\/1"}],"replies":[{"embeddable":true,"href":"https:\/\/jorgezanoni.com.br\/2019\/wp-json\/wp\/v2\/comments?post=21843"}],"version-history":[{"count":0,"href":"https:\/\/jorgezanoni.com.br\/2019\/wp-json\/wp\/v2\/posts\/21843\/revisions"}],"wp:featuredmedia":[{"embeddable":true,"href":"https:\/\/jorgezanoni.com.br\/2019\/wp-json\/wp\/v2\/media\/21844"}],"wp:attachment":[{"href":"https:\/\/jorgezanoni.com.br\/2019\/wp-json\/wp\/v2\/media?parent=21843"}],"wp:term":[{"taxonomy":"category","embeddable":true,"href":"https:\/\/jorgezanoni.com.br\/2019\/wp-json\/wp\/v2\/categories?post=21843"},{"taxonomy":"post_tag","embeddable":true,"href":"https:\/\/jorgezanoni.com.br\/2019\/wp-json\/wp\/v2\/tags?post=21843"}],"curies":[{"name":"wp","href":"https:\/\/api.w.org\/{rel}","templated":true}]}}