{"id":21838,"date":"2020-03-22T00:08:17","date_gmt":"2020-03-22T00:08:17","guid":{"rendered":"https:\/\/jorgezanoni.com.br\/2019\/?p=21838"},"modified":"2020-03-22T00:08:17","modified_gmt":"2020-03-22T00:08:17","slug":"reclamacao-da-populacao-poda-drastica-de-arvores-e-falta-de-recolhimento-dos-galhos","status":"publish","type":"post","link":"https:\/\/jorgezanoni.com.br\/2019\/reclamacao-da-populacao-poda-drastica-de-arvores-e-falta-de-recolhimento-dos-galhos\/","title":{"rendered":"Reclama\u00e7\u00e3o da Popula\u00e7\u00e3o: Poda dr\u00e1stica de \u00e1rvores e falta de recolhimento dos galhos"},"content":{"rendered":"<p style=\"text-align: justify;\">Moradores das imedia\u00e7\u00f5es da Escola Ottilia no jardim das Palmeiras reclamam de duas situa\u00e7\u00f5es.<\/p>\n<p style=\"text-align: justify;\">A primeira \u00e9 da poda dr\u00e1stica de \u00e1rvores, feito por uma empresa terceirizada contratada para cuidar da energia el\u00e9trica.<\/p>\n<p style=\"text-align: justify;\">A segunda \u00e9 que essa mesma empresa n\u00e3o recolheu os galhos, causando sujeira com as folhas nas resid\u00eancias vizinhas.<\/p>\n<p style=\"text-align: justify;\">Pedem que provid\u00eancias sejam tomadas urgentes pelos respons\u00e1veis.<\/p>\n<p><img loading=\"lazy\" decoding=\"async\" class=\"alignnone size-full wp-image-21840\" src=\"https:\/\/jorgezanoni.com.br\/2019\/wp-content\/uploads\/2020\/03\/folha1.jpg\" alt=\"\" width=\"1032\" height=\"477\" srcset=\"https:\/\/jorgezanoni.com.br\/2019\/wp-content\/uploads\/2020\/03\/folha1.jpg 1032w, https:\/\/jorgezanoni.com.br\/2019\/wp-content\/uploads\/2020\/03\/folha1-300x139.jpg 300w, https:\/\/jorgezanoni.com.br\/2019\/wp-content\/uploads\/2020\/03\/folha1-768x355.jpg 768w, https:\/\/jorgezanoni.com.br\/2019\/wp-content\/uploads\/2020\/03\/folha1-1024x473.jpg 1024w, https:\/\/jorgezanoni.com.br\/2019\/wp-content\/uploads\/2020\/03\/folha1-696x322.jpg 696w, https:\/\/jorgezanoni.com.br\/2019\/wp-content\/uploads\/2020\/03\/folha1-909x420.jpg 909w\" sizes=\"auto, (max-width: 1032px) 100vw, 1032px\" \/> <img loading=\"lazy\" decoding=\"async\" class=\"alignnone size-full wp-image-21841\" src=\"https:\/\/jorgezanoni.com.br\/2019\/wp-content\/uploads\/2020\/03\/folha2.jpg\" alt=\"\" width=\"1032\" height=\"477\" srcset=\"https:\/\/jorgezanoni.com.br\/2019\/wp-content\/uploads\/2020\/03\/folha2.jpg 1032w, https:\/\/jorgezanoni.com.br\/2019\/wp-content\/uploads\/2020\/03\/folha2-300x139.jpg 300w, https:\/\/jorgezanoni.com.br\/2019\/wp-content\/uploads\/2020\/03\/folha2-768x355.jpg 768w, https:\/\/jorgezanoni.com.br\/2019\/wp-content\/uploads\/2020\/03\/folha2-1024x473.jpg 1024w, https:\/\/jorgezanoni.com.br\/2019\/wp-content\/uploads\/2020\/03\/folha2-696x322.jpg 696w, https:\/\/jorgezanoni.com.br\/2019\/wp-content\/uploads\/2020\/03\/folha2-909x420.jpg 909w\" sizes=\"auto, (max-width: 1032px) 100vw, 1032px\" \/><\/p>\n<p style=\"text-align: justify;\">Jorge Zanoni<\/p>\n<p style=\"text-align: justify;\">Fotos de Internauta<\/p>\n<p>&nbsp;<\/p>\n","protected":false},"excerpt":{"rendered":"<p>Moradores das imedia\u00e7\u00f5es da Escola Ottilia no jardim das Palmeiras reclamam de duas situa\u00e7\u00f5es. A primeira \u00e9 da poda dr\u00e1stica de \u00e1rvores, feito por uma empresa terceirizada contratada para cuidar da energia el\u00e9trica. A segunda \u00e9 que essa mesma empresa n\u00e3o recolheu os galhos, causando sujeira com as folhas nas resid\u00eancias vizinhas. Pedem que provid\u00eancias [&hellip;]<\/p>\n","protected":false},"author":1,"featured_media":21839,"comment_status":"closed","ping_status":"open","sticky":false,"template":"","format":"standard","meta":{"footnotes":""},"categories":[179,184,110],"tags":[],"class_list":["post-21838","post","type-post","status-publish","format-standard","has-post-thumbnail","hentry","category-cidadeseregiao","category-dracena","category-noticiasdestaque"],"_links":{"self":[{"href":"https:\/\/jorgezanoni.com.br\/2019\/wp-json\/wp\/v2\/posts\/21838","targetHints":{"allow":["GET"]}}],"collection":[{"href":"https:\/\/jorgezanoni.com.br\/2019\/wp-json\/wp\/v2\/posts"}],"about":[{"href":"https:\/\/jorgezanoni.com.br\/2019\/wp-json\/wp\/v2\/types\/post"}],"author":[{"embeddable":true,"href":"https:\/\/jorgezanoni.com.br\/2019\/wp-json\/wp\/v2\/users\/1"}],"replies":[{"embeddable":true,"href":"https:\/\/jorgezanoni.com.br\/2019\/wp-json\/wp\/v2\/comments?post=21838"}],"version-history":[{"count":0,"href":"https:\/\/jorgezanoni.com.br\/2019\/wp-json\/wp\/v2\/posts\/21838\/revisions"}],"wp:featuredmedia":[{"embeddable":true,"href":"https:\/\/jorgezanoni.com.br\/2019\/wp-json\/wp\/v2\/media\/21839"}],"wp:attachment":[{"href":"https:\/\/jorgezanoni.com.br\/2019\/wp-json\/wp\/v2\/media?parent=21838"}],"wp:term":[{"taxonomy":"category","embeddable":true,"href":"https:\/\/jorgezanoni.com.br\/2019\/wp-json\/wp\/v2\/categories?post=21838"},{"taxonomy":"post_tag","embeddable":true,"href":"https:\/\/jorgezanoni.com.br\/2019\/wp-json\/wp\/v2\/tags?post=21838"}],"curies":[{"name":"wp","href":"https:\/\/api.w.org\/{rel}","templated":true}]}}