{"id":21835,"date":"2020-03-21T22:00:54","date_gmt":"2020-03-21T22:00:54","guid":{"rendered":"https:\/\/jorgezanoni.com.br\/2019\/?p=21835"},"modified":"2020-03-21T22:00:54","modified_gmt":"2020-03-21T22:00:54","slug":"emdaep-comunica-falta-de-agua-na-regiao-do-bairro-sao-francisco-e-vila-lucelia","status":"publish","type":"post","link":"https:\/\/jorgezanoni.com.br\/2019\/emdaep-comunica-falta-de-agua-na-regiao-do-bairro-sao-francisco-e-vila-lucelia\/","title":{"rendered":"EMDAEP comunica falta de \u00e1gua na regi\u00e3o do bairro S\u00e3o Francisco e Vila Luc\u00e9lia"},"content":{"rendered":"<p style=\"text-align: justify;\"><strong>Comunicado de falta de \u00e1gua na regi\u00e3o do Bairro S\u00e3o Francisco.<\/strong><\/p>\n<p>Neste s\u00e1bado, a Emdaep constatou que queimou a bomba do po\u00e7o do Bairro S\u00e3o Francisco, ocasionando falta de \u00e1gua em diversos setores. A substitui\u00e7\u00e3o da bomba deve ocorrer neste domingo. Com manobras efetuadas na rede de abastecimento existe a inten\u00e7\u00e3o de atender os setores prejudicados at\u00e9 a troca definitiva da bomba.<br \/>\nNo\u00a0domingo\u00a0haver\u00e1\u00a0plant\u00e3o\u00a0no\u00a0telefone\u00a03821-1146.<\/p>\n<p>Ass.\u00a0Rela\u00e7\u00f5es\u00a0P\u00fablicas\u00a0da\u00a0Emdaep<\/p>\n<p>21\/3\/2020<\/p>\n","protected":false},"excerpt":{"rendered":"<p>Comunicado de falta de \u00e1gua na regi\u00e3o do Bairro S\u00e3o Francisco. Neste s\u00e1bado, a Emdaep constatou que queimou a bomba do po\u00e7o do Bairro S\u00e3o Francisco, ocasionando falta de \u00e1gua em diversos setores. A substitui\u00e7\u00e3o da bomba deve ocorrer neste domingo. Com manobras efetuadas na rede de abastecimento existe a inten\u00e7\u00e3o de atender os setores [&hellip;]<\/p>\n","protected":false},"author":1,"featured_media":21836,"comment_status":"closed","ping_status":"open","sticky":false,"template":"","format":"standard","meta":{"footnotes":""},"categories":[179,184,110],"tags":[],"class_list":["post-21835","post","type-post","status-publish","format-standard","has-post-thumbnail","hentry","category-cidadeseregiao","category-dracena","category-noticiasdestaque"],"_links":{"self":[{"href":"https:\/\/jorgezanoni.com.br\/2019\/wp-json\/wp\/v2\/posts\/21835","targetHints":{"allow":["GET"]}}],"collection":[{"href":"https:\/\/jorgezanoni.com.br\/2019\/wp-json\/wp\/v2\/posts"}],"about":[{"href":"https:\/\/jorgezanoni.com.br\/2019\/wp-json\/wp\/v2\/types\/post"}],"author":[{"embeddable":true,"href":"https:\/\/jorgezanoni.com.br\/2019\/wp-json\/wp\/v2\/users\/1"}],"replies":[{"embeddable":true,"href":"https:\/\/jorgezanoni.com.br\/2019\/wp-json\/wp\/v2\/comments?post=21835"}],"version-history":[{"count":0,"href":"https:\/\/jorgezanoni.com.br\/2019\/wp-json\/wp\/v2\/posts\/21835\/revisions"}],"wp:featuredmedia":[{"embeddable":true,"href":"https:\/\/jorgezanoni.com.br\/2019\/wp-json\/wp\/v2\/media\/21836"}],"wp:attachment":[{"href":"https:\/\/jorgezanoni.com.br\/2019\/wp-json\/wp\/v2\/media?parent=21835"}],"wp:term":[{"taxonomy":"category","embeddable":true,"href":"https:\/\/jorgezanoni.com.br\/2019\/wp-json\/wp\/v2\/categories?post=21835"},{"taxonomy":"post_tag","embeddable":true,"href":"https:\/\/jorgezanoni.com.br\/2019\/wp-json\/wp\/v2\/tags?post=21835"}],"curies":[{"name":"wp","href":"https:\/\/api.w.org\/{rel}","templated":true}]}}