{"id":21832,"date":"2020-03-21T21:44:07","date_gmt":"2020-03-21T21:44:07","guid":{"rendered":"https:\/\/jorgezanoni.com.br\/2019\/?p=21832"},"modified":"2020-03-21T21:44:07","modified_gmt":"2020-03-21T21:44:07","slug":"dois-suspeitos-do-covid-19-em-dracena-apresentam-resultados-negativos","status":"publish","type":"post","link":"https:\/\/jorgezanoni.com.br\/2019\/dois-suspeitos-do-covid-19-em-dracena-apresentam-resultados-negativos\/","title":{"rendered":"Dois suspeitos do COVID-19 em Dracena apresentam resultados negativos"},"content":{"rendered":"<p style=\"text-align: justify;\">A Prefeitura de Dracena e o Comit\u00ea COVID-19, vem a p\u00fablico informar que recebeu informa\u00e7\u00f5es da Santa Casa de Dracena que o resultado de exame colhido de dois pacientes internados com suspeita de COVID-19 s\u00e3o negativos.<\/p>\n<p style=\"text-align: justify;\">Esses exames foram realizados no Laborat\u00f3rio Pardini, por\u00e9m o laborat\u00f3rio ainda n\u00e3o est\u00e1 autorizado a divulga\u00e7\u00e3o do resultado sem a segunda amostra (contra-prova) realizada pelo Instituto Adolfo Lutz.<\/p>\n<p style=\"text-align: justify;\">Novas informa\u00e7\u00f5es sobre a situa\u00e7\u00e3o ser\u00e3o repassadas para a p<span class=\"text_exposed_show\">opula\u00e7\u00e3o na p\u00e1gina oficial da Prefeitura.<\/span><\/p>\n<div class=\"text_exposed_show\">\n<p style=\"text-align: justify;\">Evitem divulga\u00e7\u00e3o de informa\u00e7\u00f5es sem a confirma\u00e7\u00e3o da vericidade da mesma.<\/p>\n<p>Fonte: https:\/\/www.facebook.com\/prefeituradracena\/<\/p>\n<p style=\"text-align: justify;\">\n<\/div>\n","protected":false},"excerpt":{"rendered":"<p>A Prefeitura de Dracena e o Comit\u00ea COVID-19, vem a p\u00fablico informar que recebeu informa\u00e7\u00f5es da Santa Casa de Dracena que o resultado de exame colhido de dois pacientes internados com suspeita de COVID-19 s\u00e3o negativos. Esses exames foram realizados no Laborat\u00f3rio Pardini, por\u00e9m o laborat\u00f3rio ainda n\u00e3o est\u00e1 autorizado a divulga\u00e7\u00e3o do resultado sem [&hellip;]<\/p>\n","protected":false},"author":1,"featured_media":21833,"comment_status":"closed","ping_status":"open","sticky":false,"template":"","format":"standard","meta":{"footnotes":""},"categories":[179,184,110],"tags":[],"class_list":["post-21832","post","type-post","status-publish","format-standard","has-post-thumbnail","hentry","category-cidadeseregiao","category-dracena","category-noticiasdestaque"],"_links":{"self":[{"href":"https:\/\/jorgezanoni.com.br\/2019\/wp-json\/wp\/v2\/posts\/21832","targetHints":{"allow":["GET"]}}],"collection":[{"href":"https:\/\/jorgezanoni.com.br\/2019\/wp-json\/wp\/v2\/posts"}],"about":[{"href":"https:\/\/jorgezanoni.com.br\/2019\/wp-json\/wp\/v2\/types\/post"}],"author":[{"embeddable":true,"href":"https:\/\/jorgezanoni.com.br\/2019\/wp-json\/wp\/v2\/users\/1"}],"replies":[{"embeddable":true,"href":"https:\/\/jorgezanoni.com.br\/2019\/wp-json\/wp\/v2\/comments?post=21832"}],"version-history":[{"count":0,"href":"https:\/\/jorgezanoni.com.br\/2019\/wp-json\/wp\/v2\/posts\/21832\/revisions"}],"wp:featuredmedia":[{"embeddable":true,"href":"https:\/\/jorgezanoni.com.br\/2019\/wp-json\/wp\/v2\/media\/21833"}],"wp:attachment":[{"href":"https:\/\/jorgezanoni.com.br\/2019\/wp-json\/wp\/v2\/media?parent=21832"}],"wp:term":[{"taxonomy":"category","embeddable":true,"href":"https:\/\/jorgezanoni.com.br\/2019\/wp-json\/wp\/v2\/categories?post=21832"},{"taxonomy":"post_tag","embeddable":true,"href":"https:\/\/jorgezanoni.com.br\/2019\/wp-json\/wp\/v2\/tags?post=21832"}],"curies":[{"name":"wp","href":"https:\/\/api.w.org\/{rel}","templated":true}]}}