{"id":2181,"date":"2019-07-26T16:09:44","date_gmt":"2019-07-26T16:09:44","guid":{"rendered":"http:\/\/jorgezanoni.com.br\/2019\/?p=2181"},"modified":"2019-07-26T17:06:41","modified_gmt":"2019-07-26T17:06:41","slug":"prorrogadas-as-inscricoes-para-a-5a-corrida-e-caminhada-da-saude-da-fcat-unesp","status":"publish","type":"post","link":"https:\/\/jorgezanoni.com.br\/2019\/prorrogadas-as-inscricoes-para-a-5a-corrida-e-caminhada-da-saude-da-fcat-unesp\/","title":{"rendered":"Prorrogadas as inscri\u00e7\u00f5es para a 5\u00aa Corrida e Caminhada da Sa\u00fade da FCAT-Unesp"},"content":{"rendered":"<p style=\"text-align: justify;\">Atendendo ao grande n\u00famero de atletas que ainda procuram inscrever-se na 5\u00aa Corrida e Caminhada da Sa\u00fade da FCAT- UNESP, a dire\u00e7\u00e3o da FCAT prorrogou o per\u00edodo de inscri\u00e7\u00f5es at\u00e9 o\u00a0 dia 30 de julho, pr\u00f3xima ter\u00e7a-feira. O evento que comemora o 16\u00ba anivers\u00e1rio da instala\u00e7\u00e3o da Unesp na cidade de Dracena, e receber\u00e1 por volta de 300 atletas de toda regi\u00e3o. Entre as presen\u00e7as j\u00e1 confirmadas, est\u00e1 Aparecida de F\u00e1tima Pereira Viana, campe\u00e3 da \u00faltima S\u00e3o Silvestre na categoria de 60 a 64 anos.<\/p>\n<p><img loading=\"lazy\" decoding=\"async\" class=\"alignnone size-full wp-image-2182\" src=\"http:\/\/jorgezanoni.com.br\/2019\/wp-content\/uploads\/2019\/07\/corrida.png\" alt=\"\" width=\"872\" height=\"587\" srcset=\"https:\/\/jorgezanoni.com.br\/2019\/wp-content\/uploads\/2019\/07\/corrida.png 872w, https:\/\/jorgezanoni.com.br\/2019\/wp-content\/uploads\/2019\/07\/corrida-300x202.png 300w, https:\/\/jorgezanoni.com.br\/2019\/wp-content\/uploads\/2019\/07\/corrida-768x517.png 768w, https:\/\/jorgezanoni.com.br\/2019\/wp-content\/uploads\/2019\/07\/corrida-696x469.png 696w, https:\/\/jorgezanoni.com.br\/2019\/wp-content\/uploads\/2019\/07\/corrida-624x420.png 624w\" sizes=\"auto, (max-width: 872px) 100vw, 872px\" \/><\/p>\n<p style=\"text-align: justify;\">As inscri\u00e7\u00f5es podem ser realizadas atrav\u00e9s do link <a href=\"http:\/\/www.streetracebrasil.com.br\/\">www.streetracebrasil.com.br<\/a>. A prova ser\u00e1 no dia 04 de agosto, com a largada do c\u00e2mpus \u00e0s 9 horas.<\/p>\n<p style=\"text-align: justify;\">\u00a0O evento \u00e9 organizado por representantes discentes, docentes e t\u00e9cnico-administrativos da FCAT, incluindo o articulador local do N\u00facleo de Movimento Inclus\u00e3o e Sa\u00fade &#8211; NUMIS, Andr\u00e9 Galdino da Silva. O evento ainda conta com o apoio da dire\u00e7\u00e3o da FCAT, Conv\u00eanio Unesp\/Santander, Drogaria Farmais, Oeste Sa\u00fade, Mercado Bahia, C\u00e2mara Municipal de Dracena e Prefeitura Municipal de Dracena. Maiores informa\u00e7\u00f5es (18) 3821-7432.<\/p>\n<p style=\"text-align: justify;\">Fonte: Assessoria de Imprensa FCAT<\/p>\n<p>&nbsp;<\/p>\n<p>&nbsp;<\/p>\n<p>&nbsp;<\/p>\n","protected":false},"excerpt":{"rendered":"<p>Atendendo ao grande n\u00famero de atletas que ainda procuram inscrever-se na 5\u00aa Corrida e Caminhada da Sa\u00fade da FCAT- UNESP, a dire\u00e7\u00e3o da FCAT prorrogou o per\u00edodo de inscri\u00e7\u00f5es at\u00e9 o\u00a0 dia 30 de julho, pr\u00f3xima ter\u00e7a-feira. O evento que comemora o 16\u00ba anivers\u00e1rio da instala\u00e7\u00e3o da Unesp na cidade de Dracena, e receber\u00e1 por [&hellip;]<\/p>\n","protected":false},"author":1,"featured_media":2183,"comment_status":"open","ping_status":"open","sticky":false,"template":"","format":"standard","meta":{"footnotes":""},"categories":[111,110],"tags":[],"class_list":["post-2181","post","type-post","status-publish","format-standard","has-post-thumbnail","hentry","category-esporteecultura","category-noticiasdestaque"],"_links":{"self":[{"href":"https:\/\/jorgezanoni.com.br\/2019\/wp-json\/wp\/v2\/posts\/2181","targetHints":{"allow":["GET"]}}],"collection":[{"href":"https:\/\/jorgezanoni.com.br\/2019\/wp-json\/wp\/v2\/posts"}],"about":[{"href":"https:\/\/jorgezanoni.com.br\/2019\/wp-json\/wp\/v2\/types\/post"}],"author":[{"embeddable":true,"href":"https:\/\/jorgezanoni.com.br\/2019\/wp-json\/wp\/v2\/users\/1"}],"replies":[{"embeddable":true,"href":"https:\/\/jorgezanoni.com.br\/2019\/wp-json\/wp\/v2\/comments?post=2181"}],"version-history":[{"count":0,"href":"https:\/\/jorgezanoni.com.br\/2019\/wp-json\/wp\/v2\/posts\/2181\/revisions"}],"wp:featuredmedia":[{"embeddable":true,"href":"https:\/\/jorgezanoni.com.br\/2019\/wp-json\/wp\/v2\/media\/2183"}],"wp:attachment":[{"href":"https:\/\/jorgezanoni.com.br\/2019\/wp-json\/wp\/v2\/media?parent=2181"}],"wp:term":[{"taxonomy":"category","embeddable":true,"href":"https:\/\/jorgezanoni.com.br\/2019\/wp-json\/wp\/v2\/categories?post=2181"},{"taxonomy":"post_tag","embeddable":true,"href":"https:\/\/jorgezanoni.com.br\/2019\/wp-json\/wp\/v2\/tags?post=2181"}],"curies":[{"name":"wp","href":"https:\/\/api.w.org\/{rel}","templated":true}]}}