{"id":21778,"date":"2020-03-21T16:25:46","date_gmt":"2020-03-21T16:25:46","guid":{"rendered":"https:\/\/jorgezanoni.com.br\/2019\/?p=21778"},"modified":"2020-03-21T16:25:46","modified_gmt":"2020-03-21T16:25:46","slug":"grupo-folha-regional-e-vitima-de-fake-news","status":"publish","type":"post","link":"https:\/\/jorgezanoni.com.br\/2019\/grupo-folha-regional-e-vitima-de-fake-news\/","title":{"rendered":"Grupo Folha Regional \u00e9 v\u00edtima de Fake News"},"content":{"rendered":"<p style=\"text-align: justify;\">\ud835\uddda\ud835\udde5\ud835\udde8\ud835\udde3\ud835\udde2 \ud835\uddd9\ud835\udde2\ud835\udddf\ud835\udddb\ud835\uddd4 \ud835\udde5\ud835\uddd8\ud835\uddda\ud835\udddc\ud835\udde2\ud835\udde1\ud835\uddd4\ud835\udddf<br \/>\nJornal Site e TV, informa;<\/p>\n<p style=\"text-align: justify;\">Por volta das 23h27 desta sexta-feira (20), uma pessoa utilizou-se do Facebook de forma tendenciosa, publicando uma montagem que trazia a logomarca da Folha Regional e ainda o nome desta empresa de comunica\u00e7\u00e3o em uma p\u00e1gina falsa da rede social para comunicar um caso de Coronav\u00edrus. Na falsa publica\u00e7\u00e3o, foi exposta ainda uma foto de uma pessoa que teria contra\u00eddo o v\u00edrus.<\/p>\n<p style=\"text-align: justify;\">Cabe salientar que nosso jornalismo sempre atua dentro da \u00e9tica e inclusive N\u00c3O VEICULA IMAGENS DE PESSOAS ENVOLVIDAS EM OCORR\u00caNCIAS, DOENTES OU EM QUALQUER OUTRA SITUA\u00c7\u00c3O VEXAT\u00d3RIA QUE POSSA EXPOR A IDENTIDADE E ASSIM FERIR A INTEGRIDADE DE QUEM QUER QUE SEJA.<\/p>\n<p style=\"text-align: justify;\">Assim que notificada sobre tal fato, a dire\u00e7\u00e3o da Folha Regional juntamente com seu setor jur\u00eddico, entrou com as medidas judiciais cab\u00edveis e inclusive esteve na Delegacia de Pol\u00edcia para a elabora\u00e7\u00e3o de um boletim de ocorr\u00eancia. O caso j\u00e1 est\u00e1 sendo investigado visando apurar a autoria do crime para responsabiliz\u00e1-lo na forma da Lei.<\/p>\n<p style=\"text-align: justify;\">Repudiamos tal atitude e nos mantemos firmes com a miss\u00e3o de levar at\u00e9 voc\u00ea a informa\u00e7\u00e3o com qualidade e credibilidade 24 horas.<\/p>\n<p style=\"text-align: justify;\">\ud835\uddda\ud835\udde5\ud835\udde8\ud835\udde3\ud835\udde2 \ud835\uddd9\ud835\udde2\ud835\udddf\ud835\udddb\ud835\uddd4 \ud835\udde5\ud835\uddd8\ud835\uddda\ud835\udddc\ud835\udde2\ud835\udde1\ud835\uddd4\ud835\udddf<br \/>\nInforma\u00e7\u00e3o Total<\/p>\n<p style=\"text-align: justify;\"><strong>NOTA: O Site JZ se solidariza com a dire\u00e7\u00e3o e funcion\u00e1rios do Grupo Folha Regional e fica na expectativa que as autoridades competentes localizem o autor do Fake e puna com os rigores da Lei, pois conhecemos o s\u00e9rio trabalho que este \u00f3rg\u00e3o de imprensa presta aos seus leitores e internautas.<\/strong><\/p>\n<p style=\"text-align: justify;\"><strong>Jorge Zanoni<\/strong><\/p>\n","protected":false},"excerpt":{"rendered":"<p>\ud835\uddda\ud835\udde5\ud835\udde8\ud835\udde3\ud835\udde2 \ud835\uddd9\ud835\udde2\ud835\udddf\ud835\udddb\ud835\uddd4 \ud835\udde5\ud835\uddd8\ud835\uddda\ud835\udddc\ud835\udde2\ud835\udde1\ud835\uddd4\ud835\udddf Jornal Site e TV, informa; Por volta das 23h27 desta sexta-feira (20), uma pessoa utilizou-se do Facebook de forma tendenciosa, publicando uma montagem que trazia a logomarca da Folha Regional e ainda o nome desta empresa de comunica\u00e7\u00e3o em uma p\u00e1gina falsa da rede social para comunicar um caso de Coronav\u00edrus. Na [&hellip;]<\/p>\n","protected":false},"author":1,"featured_media":21779,"comment_status":"closed","ping_status":"open","sticky":false,"template":"","format":"standard","meta":{"footnotes":""},"categories":[110,2],"tags":[],"class_list":["post-21778","post","type-post","status-publish","format-standard","has-post-thumbnail","hentry","category-noticiasdestaque","category-policial"],"_links":{"self":[{"href":"https:\/\/jorgezanoni.com.br\/2019\/wp-json\/wp\/v2\/posts\/21778","targetHints":{"allow":["GET"]}}],"collection":[{"href":"https:\/\/jorgezanoni.com.br\/2019\/wp-json\/wp\/v2\/posts"}],"about":[{"href":"https:\/\/jorgezanoni.com.br\/2019\/wp-json\/wp\/v2\/types\/post"}],"author":[{"embeddable":true,"href":"https:\/\/jorgezanoni.com.br\/2019\/wp-json\/wp\/v2\/users\/1"}],"replies":[{"embeddable":true,"href":"https:\/\/jorgezanoni.com.br\/2019\/wp-json\/wp\/v2\/comments?post=21778"}],"version-history":[{"count":0,"href":"https:\/\/jorgezanoni.com.br\/2019\/wp-json\/wp\/v2\/posts\/21778\/revisions"}],"wp:featuredmedia":[{"embeddable":true,"href":"https:\/\/jorgezanoni.com.br\/2019\/wp-json\/wp\/v2\/media\/21779"}],"wp:attachment":[{"href":"https:\/\/jorgezanoni.com.br\/2019\/wp-json\/wp\/v2\/media?parent=21778"}],"wp:term":[{"taxonomy":"category","embeddable":true,"href":"https:\/\/jorgezanoni.com.br\/2019\/wp-json\/wp\/v2\/categories?post=21778"},{"taxonomy":"post_tag","embeddable":true,"href":"https:\/\/jorgezanoni.com.br\/2019\/wp-json\/wp\/v2\/tags?post=21778"}],"curies":[{"name":"wp","href":"https:\/\/api.w.org\/{rel}","templated":true}]}}