{"id":21744,"date":"2020-03-21T01:36:12","date_gmt":"2020-03-21T01:36:12","guid":{"rendered":"https:\/\/jorgezanoni.com.br\/2019\/?p=21744"},"modified":"2020-03-21T01:36:12","modified_gmt":"2020-03-21T01:36:12","slug":"policia-militar-a-prevencao-e-a-melhor-solucao","status":"publish","type":"post","link":"https:\/\/jorgezanoni.com.br\/2019\/policia-militar-a-prevencao-e-a-melhor-solucao\/","title":{"rendered":"Pol\u00edcia Militar: A preven\u00e7\u00e3o \u00e9 a melhor solu\u00e7\u00e3o"},"content":{"rendered":"<p style=\"text-align: justify;\">A PREVEN\u00c7\u00c3O \u00c9 A MELHOR SOLU\u00c7\u00c3O<br \/>\nO 25\u00ba BPM\/I \u2013 Batalh\u00e3o de Pol\u00edcia Militar do Interior consciente sempre que a preven\u00e7\u00e3o \u00e9 a melhor solu\u00e7\u00e3o e considerando a atual situa\u00e7\u00e3o est\u00e1 adotando, como toda a Pol\u00edcia Militar e toda a popula\u00e7\u00e3o, medidas preventivas mais eficazes para diminuir a contamina\u00e7\u00e3o, as t\u00e9cnicas utilizadas conhecidas como \u201cetiqueta respirat\u00f3ria\u201d, em especial ao tossir ou espirrar, deve ser feita a higieniza\u00e7\u00e3o frequente das m\u00e3os com \u00e1gua e sab\u00e3o ou \u00e1lcool gel a 70%, identifica\u00e7\u00e3o e isolamento respirat\u00f3rio das pessoas infectadas e uso correto de Equipamentos de Prote\u00e7\u00e3o Individual.<br \/>\nNo caso de abordagens e no dia a dia as condutas de preven\u00e7\u00e3o est\u00e3o sendo adotadas, logo ap\u00f3s os procedimentos seguindo o padr\u00e3o da etiqueta respirat\u00f3ria, em caso de transporte emergencial de pacientes contaminados os policiais militares devem precaver-se observando as medidas de seguran\u00e7a como dist\u00e2ncia e higieniza\u00e7\u00e3o, ap\u00f3s o transporte a viatura e os equipamentos devem ser higienizados com \u00e1lcool a 70%, e aguardar um per\u00edodo de 2 horas para serem utilizados novamente.<br \/>\nEstamos trabalhando por voc\u00eas! E voc\u00eas fiquem em casa por n\u00f3s!<br \/>\n#fiquememcasa<br \/>\n#Apreven\u00e7ao\u00e9amelhorsolu\u00e7\u00e3o<br \/>\n#25BPMI<br \/>\n#POLICIAMILITARSP<br \/>\n#AFOR\u00c7AP\u00daBLICADES\u00c3OPAULO<br \/>\nCOMUNICA\u00c7\u00c3O SOCIAL DO 25\u00ba BPM\/I &#8211; Dracena e regi\u00e3o.<\/p>\n","protected":false},"excerpt":{"rendered":"<p>A PREVEN\u00c7\u00c3O \u00c9 A MELHOR SOLU\u00c7\u00c3O O 25\u00ba BPM\/I \u2013 Batalh\u00e3o de Pol\u00edcia Militar do Interior consciente sempre que a preven\u00e7\u00e3o \u00e9 a melhor solu\u00e7\u00e3o e considerando a atual situa\u00e7\u00e3o est\u00e1 adotando, como toda a Pol\u00edcia Militar e toda a popula\u00e7\u00e3o, medidas preventivas mais eficazes para diminuir a contamina\u00e7\u00e3o, as t\u00e9cnicas utilizadas conhecidas como \u201cetiqueta [&hellip;]<\/p>\n","protected":false},"author":1,"featured_media":21745,"comment_status":"closed","ping_status":"open","sticky":false,"template":"","format":"standard","meta":{"footnotes":""},"categories":[110,2],"tags":[],"class_list":["post-21744","post","type-post","status-publish","format-standard","has-post-thumbnail","hentry","category-noticiasdestaque","category-policial"],"_links":{"self":[{"href":"https:\/\/jorgezanoni.com.br\/2019\/wp-json\/wp\/v2\/posts\/21744","targetHints":{"allow":["GET"]}}],"collection":[{"href":"https:\/\/jorgezanoni.com.br\/2019\/wp-json\/wp\/v2\/posts"}],"about":[{"href":"https:\/\/jorgezanoni.com.br\/2019\/wp-json\/wp\/v2\/types\/post"}],"author":[{"embeddable":true,"href":"https:\/\/jorgezanoni.com.br\/2019\/wp-json\/wp\/v2\/users\/1"}],"replies":[{"embeddable":true,"href":"https:\/\/jorgezanoni.com.br\/2019\/wp-json\/wp\/v2\/comments?post=21744"}],"version-history":[{"count":0,"href":"https:\/\/jorgezanoni.com.br\/2019\/wp-json\/wp\/v2\/posts\/21744\/revisions"}],"wp:featuredmedia":[{"embeddable":true,"href":"https:\/\/jorgezanoni.com.br\/2019\/wp-json\/wp\/v2\/media\/21745"}],"wp:attachment":[{"href":"https:\/\/jorgezanoni.com.br\/2019\/wp-json\/wp\/v2\/media?parent=21744"}],"wp:term":[{"taxonomy":"category","embeddable":true,"href":"https:\/\/jorgezanoni.com.br\/2019\/wp-json\/wp\/v2\/categories?post=21744"},{"taxonomy":"post_tag","embeddable":true,"href":"https:\/\/jorgezanoni.com.br\/2019\/wp-json\/wp\/v2\/tags?post=21744"}],"curies":[{"name":"wp","href":"https:\/\/api.w.org\/{rel}","templated":true}]}}